{"id":1021,"date":"2019-09-05T14:27:51","date_gmt":"2019-09-05T14:27:51","guid":{"rendered":"https:\/\/esprodouro.com\/\/?p=1021"},"modified":"2024-08-11T10:00:16","modified_gmt":"2024-08-11T10:00:16","slug":"katia-reis","status":"publish","type":"post","link":"https:\/\/esprodouro.com\/en\/katia-reis\/","title":{"rendered":"K\u00e1tia REIS"},"content":{"rendered":"<div class=\"wp-block-image\">\r\n<figure class=\"alignleft is-resized\"><img decoding=\"async\" class=\"wp-image-1015\" src=\"https:\/\/esprodouro.com\/\/wp-content\/uploads\/2019\/09\/69879646_414657449153596_1418003956948271104_n-1.webp\" alt=\"K\u00e1tia Reis\" width=\"206\" height=\"154\" srcset=\"https:\/\/esprodouro.com\/wp-content\/uploads\/2019\/09\/69879646_414657449153596_1418003956948271104_n-1.webp 1024w, https:\/\/esprodouro.com\/wp-content\/uploads\/2019\/09\/69879646_414657449153596_1418003956948271104_n-1-300x225.webp 300w, https:\/\/esprodouro.com\/wp-content\/uploads\/2019\/09\/69879646_414657449153596_1418003956948271104_n-1-768x576.webp 768w, https:\/\/esprodouro.com\/wp-content\/uploads\/2019\/09\/69879646_414657449153596_1418003956948271104_n-1-16x12.webp 16w\" sizes=\"(max-width: 206px) 100vw, 206px\" \/>\r\n<figcaption>K\u00e1tia Reis<\/figcaption>\r\n<\/figure>\r\n<\/div>\r\n\r\n\r\n\r\n<p>A K\u00e1tia iniciou a sua atividade profissional, na ESPRODOURO, em maio de 2018, fruto de um est\u00e1gio profissional, abra\u00e7ando projetos de comunica\u00e7\u00e3o e forma\u00e7\u00e3o de jovens e adultos.<\/p>\r\n\r\n\r\n\r\n<p>Licenciada em Comunica\u00e7\u00e3o Social, frequentou um est\u00e1gio curricular no seman\u00e1rio &#8220;Di\u00e1rio de Coimbra&#8221;, no ano de 2016. Ap\u00f3s a conclus\u00e3o do est\u00e1gio exerceu atividade como comercial de vendas na empresa Not\u00edciasDirect, at\u00e9 2017.\u00a0<\/p>\r\n\r\n\r\n\r\n<p>Trabalhou como volunt\u00e1ria na Associa\u00e7\u00e3o Acreditar do Porto, entre maio de 2017 e dezembro de 2018. E, em julho de 2019, frequentou um programa de voluntariado social, na ilha de S. Vicente, Cabo Verde.<\/p>\r\n\r\n\r\n\r\n<p>Uma verdadeira entusiasta, que pretende mudar o mundo com um respeito social fabuloso&#8230; ningu\u00e9m melhor para ocupar o cargo de Provedor do Aluno que desempenha na escola, em conjunto com fun\u00e7\u00f5es de Coordenadora do Departamento de Marketing e Comunica\u00e7\u00e3o, de T\u00e9cnica de Orienta\u00e7\u00e3o e Reconhecimento Vocacional e de Mentora nos projetos do aluno.<\/p>\r\n\r\n\r\n\r\n<p>Um alma da nossa escola que pretende ajudar a mudar o mundo!<\/p>","protected":false},"excerpt":{"rendered":"<p>A K\u00e1tia iniciou a sua atividade profissional, na ESPRODOURO, em maio de 2018, fruto de um est\u00e1gio profissional, abra\u00e7ando projetos de comunica\u00e7\u00e3o e forma\u00e7\u00e3o de jovens e adultos. Licenciada em Comunica\u00e7\u00e3o Social, frequentou um est\u00e1gio curricular no seman\u00e1rio &#8220;Di\u00e1rio de Coimbra&#8221;, no ano de 2016. Ap\u00f3s a conclus\u00e3o do est\u00e1gio exerceu atividade como comercial de [&hellip;]<\/p>\n","protected":false},"author":4,"featured_media":545,"comment_status":"open","ping_status":"open","sticky":false,"template":"","format":"standard","meta":{"slim_seo":{"title":"K\u00e1tia REIS - ESPRODOURO","description":"A K\u00e1tia iniciou a sua atividade profissional, na ESPRODOURO, em maio de 2018, fruto de um est\u00e1gio profissional, abra\u00e7ando projetos de comunica\u00e7\u00e3o e forma\u00e7\u00e3o de"},"footnotes":""},"categories":[49],"tags":[],"class_list":["post-1021","post","type-post","status-publish","format-standard","has-post-thumbnail","hentry","category-equipa"],"blocksy_meta":{"styles_descriptor":{"styles":{"desktop":"","tablet":"","mobile":""},"google_fonts":[],"version":6}},"_links":{"self":[{"href":"https:\/\/esprodouro.com\/en\/wp-json\/wp\/v2\/posts\/1021","targetHints":{"allow":["GET"]}}],"collection":[{"href":"https:\/\/esprodouro.com\/en\/wp-json\/wp\/v2\/posts"}],"about":[{"href":"https:\/\/esprodouro.com\/en\/wp-json\/wp\/v2\/types\/post"}],"author":[{"embeddable":true,"href":"https:\/\/esprodouro.com\/en\/wp-json\/wp\/v2\/users\/4"}],"replies":[{"embeddable":true,"href":"https:\/\/esprodouro.com\/en\/wp-json\/wp\/v2\/comments?post=1021"}],"version-history":[{"count":0,"href":"https:\/\/esprodouro.com\/en\/wp-json\/wp\/v2\/posts\/1021\/revisions"}],"wp:featuredmedia":[{"embeddable":true,"href":"https:\/\/esprodouro.com\/en\/wp-json\/wp\/v2\/media\/545"}],"wp:attachment":[{"href":"https:\/\/esprodouro.com\/en\/wp-json\/wp\/v2\/media?parent=1021"}],"wp:term":[{"taxonomy":"category","embeddable":true,"href":"https:\/\/esprodouro.com\/en\/wp-json\/wp\/v2\/categories?post=1021"},{"taxonomy":"post_tag","embeddable":true,"href":"https:\/\/esprodouro.com\/en\/wp-json\/wp\/v2\/tags?post=1021"}],"curies":[{"name":"wp","href":"https:\/\/api.w.org\/{rel}","templated":true}]}}