{"id":21442,"date":"2025-01-20T12:38:28","date_gmt":"2025-01-20T12:38:28","guid":{"rendered":"https:\/\/esprodouro.com\/?p=21442"},"modified":"2025-01-20T12:39:14","modified_gmt":"2025-01-20T12:39:14","slug":"sessao-solene-de-abertura-ano-letivo-24-25-cerimonia-de-entrega-de-diplomas-e-inauguracao-do-hotel-residencia-esprodouro","status":"publish","type":"post","link":"https:\/\/esprodouro.com\/en\/sessao-solene-de-abertura-ano-letivo-24-25-cerimonia-de-entrega-de-diplomas-e-inauguracao-do-hotel-residencia-esprodouro\/","title":{"rendered":"Sess\u00e3o Solene de Abertura Ano Letivo 24\/25, Cerim\u00f3nia de Entrega de Diplomas e Inaugura\u00e7\u00e3o do Hotel-Resid\u00eancia ESPRODOURO"},"content":{"rendered":"<figure class=\"wp-block-image aligncenter size-large\"><img fetchpriority=\"high\" decoding=\"async\" width=\"1024\" height=\"1024\" src=\"https:\/\/esprodouro.com\/wp-content\/uploads\/2025\/01\/cartaz_27_jan_25-1024x1024.webp\" alt=\"Cartaz 27 Jan 25\" class=\"wp-image-21432\" srcset=\"https:\/\/esprodouro.com\/wp-content\/uploads\/2025\/01\/cartaz_27_jan_25-1024x1024.webp 1024w, https:\/\/esprodouro.com\/wp-content\/uploads\/2025\/01\/cartaz_27_jan_25-300x300.webp 300w, https:\/\/esprodouro.com\/wp-content\/uploads\/2025\/01\/cartaz_27_jan_25-150x150.webp 150w, https:\/\/esprodouro.com\/wp-content\/uploads\/2025\/01\/cartaz_27_jan_25-768x768.webp 768w, https:\/\/esprodouro.com\/wp-content\/uploads\/2025\/01\/cartaz_27_jan_25-12x12.webp 12w, https:\/\/esprodouro.com\/wp-content\/uploads\/2025\/01\/cartaz_27_jan_25-50x50.webp 50w, https:\/\/esprodouro.com\/wp-content\/uploads\/2025\/01\/cartaz_27_jan_25.webp 1080w\" sizes=\"(max-width: 1024px) 100vw, 1024px\" \/><\/figure>\n\n\n\n<p>No pr\u00f3ximo dia 27 de janeiro de 2025 pelas 9:30h, no Cineteatro de S\u00e3o Jo\u00e3o da Pesqueira, vai decorrer a Sess\u00e3o Solene de Abertura do Ano Letivo 2024-2025, onde decorrer\u00e1 a Cerim\u00f3nia de Entrega de Diplomas 2023-2024 e Inaugura\u00e7\u00e3o do Hotel-Resid\u00eancia ESPRODOURO, evento que culmina com a Sess\u00e3o de Apresenta\u00e7\u00e3o do nosso processo de avalia\u00e7\u00e3o externa, promovido pela IGEC.&nbsp;<\/p>\n\n\n\n<p>\u00c9 por isso da maior import\u00e2ncia a participa\u00e7\u00e3o da nossa comunidade, pelo que incentivamos a todos a participa\u00e7\u00e3o. A inscri\u00e7\u00e3o \u00e9 obrigat\u00f3ria pelo link <a href=\"https:\/\/forms.gle\/9uPVdqFj5MYVHEb9A\" target=\"_blank\" rel=\"noopener\" title=\"\">https:\/\/forms.gle\/9uPVdqFj5MYVHEb9A<\/a> <\/p>\n\n\n\n<p>Por esse motivo, no dia 27 de janeiro de 2025 ser\u00e3o suspensas todas as atividades de AEE, FTE e FCT para todos os alunos que pretendam estar presentes na atividade da escola, devendo preencher o formul\u00e1rio&nbsp;abaixo (caso n\u00e3o estejam presentes devem manter as atividades normais). <\/p>\n\n\n\n<p>Incentivamos tamb\u00e9m a uma participa\u00e7\u00e3o de todos os pais e&nbsp;encarregados de educa\u00e7\u00e3o no presente evento que contar\u00e1 com a presen\u00e7a de diversas entidades nacionais, entre elas o Sr. Ministro da Educa\u00e7\u00e3o, Ci\u00eancia e Inova\u00e7\u00e3o, Prof. Doutor Fernando Alexandre, o Sr. Presidente da C\u00e2mara Municipal de S\u00e3o Jo\u00e3o da Pesqueira, Dr. Manuel Cordeiro, entre v\u00e1rias entidades e diretores de escola conforme programa.<\/p>\n\n\n\n<p>Ser\u00e1 uma honra receber cada um de v\u00f3s neste nosso in\u00edcio de 2025, marcando uma linha de mudan\u00e7a que est\u00e1 em curso, ressaltando que o esfor\u00e7o por ser melhor todos os dias gera resultados. <\/p>\n\n\n\n<p>S\u00e3o principais convidados os alunos que terminaram o ciclo 2023\/2024 ou anterior que n\u00e3o receberam certificado, nomeadamente do CEF, do Ensino Profissional, do Centro&nbsp;Qualifica e de Forma\u00e7\u00e3o Modular Certificada. Todos os que pretendem estar presentes, devem preencher no formul\u00e1rio abaixo indicado na mesma.<br>Solicitamos assim confirma\u00e7\u00e3o urgente de presen\u00e7a no evento, confirmando no formul\u00e1rio indicado acima.<\/p>\n\n\n\n<p>Como o evento \u00e9 aberto a toda a comunidade, solicitamos divulga\u00e7\u00e3o do presente convite pela popula\u00e7\u00e3o da regi\u00e3o do Douro.<\/p>","protected":false},"excerpt":{"rendered":"<p>No pr\u00f3ximo dia 27 de janeiro de 2025 pelas 9:30h, no Cineteatro de S\u00e3o Jo\u00e3o da Pesqueira, vai decorrer a Sess\u00e3o Solene de Abertura do Ano Letivo 2024-2025, onde decorrer\u00e1 a Cerim\u00f3nia de Entrega de Diplomas 2023-2024 e Inaugura\u00e7\u00e3o do Hotel-Resid\u00eancia ESPRODOURO, evento que culmina com a Sess\u00e3o de Apresenta\u00e7\u00e3o do nosso processo de avalia\u00e7\u00e3o [&hellip;]<\/p>\n","protected":false},"author":4,"featured_media":0,"comment_status":"open","ping_status":"open","sticky":false,"template":"","format":"standard","meta":{"slim_seo":{"title":"Sess\u00e3o Solene de Abertura Ano Letivo 24\/25, Cerim\u00f3nia de Entrega de Diplomas e Inaugura\u00e7\u00e3o do Hotel-Resid\u00eancia ESPRODOURO - ESPRODOURO","description":"No pr\u00f3ximo dia 27 de janeiro de 2025 pelas 9:30h, no Cineteatro de S\u00e3o Jo\u00e3o da Pesqueira, vai decorrer a Sess\u00e3o Solene de Abertura do Ano Letivo 2024-2025, onde"},"footnotes":""},"categories":[1],"tags":[],"class_list":["post-21442","post","type-post","status-publish","format-standard","hentry","category-geral"],"blocksy_meta":[],"_links":{"self":[{"href":"https:\/\/esprodouro.com\/en\/wp-json\/wp\/v2\/posts\/21442","targetHints":{"allow":["GET"]}}],"collection":[{"href":"https:\/\/esprodouro.com\/en\/wp-json\/wp\/v2\/posts"}],"about":[{"href":"https:\/\/esprodouro.com\/en\/wp-json\/wp\/v2\/types\/post"}],"author":[{"embeddable":true,"href":"https:\/\/esprodouro.com\/en\/wp-json\/wp\/v2\/users\/4"}],"replies":[{"embeddable":true,"href":"https:\/\/esprodouro.com\/en\/wp-json\/wp\/v2\/comments?post=21442"}],"version-history":[{"count":0,"href":"https:\/\/esprodouro.com\/en\/wp-json\/wp\/v2\/posts\/21442\/revisions"}],"wp:attachment":[{"href":"https:\/\/esprodouro.com\/en\/wp-json\/wp\/v2\/media?parent=21442"}],"wp:term":[{"taxonomy":"category","embeddable":true,"href":"https:\/\/esprodouro.com\/en\/wp-json\/wp\/v2\/categories?post=21442"},{"taxonomy":"post_tag","embeddable":true,"href":"https:\/\/esprodouro.com\/en\/wp-json\/wp\/v2\/tags?post=21442"}],"curies":[{"name":"wp","href":"https:\/\/api.w.org\/{rel}","templated":true}]}}