{"id":326,"date":"2018-03-15T18:36:07","date_gmt":"2018-03-15T18:36:07","guid":{"rendered":"https:\/\/esprodouro.com\/\/?p=326"},"modified":"2018-03-15T18:36:07","modified_gmt":"2018-03-15T18:36:07","slug":"candidatura-ao-poise-aprovada","status":"publish","type":"post","link":"https:\/\/esprodouro.com\/en\/candidatura-ao-poise-aprovada\/","title":{"rendered":"Candidatura ao POISE aprovada"},"content":{"rendered":"<p>Foi hoje aprovada uma candidatura da ASDOURO ao Programa Operacional &#8211; Inclus\u00e3o Social e Emprego que ir\u00e1 permitir alargar a oferta formativa da ESPRODOURO a mais de 250 pessoas.<\/p>\n<p>A candidatura &#8220;Capacita\u00e7\u00e3o para a Inclus\u00e3o&#8221; visa promover o desenvolvimento das compet\u00eancias dos grupos potencialmente mais vulner\u00e1veis e\u00a0a inclus\u00e3o social e combater a pobreza e a discrimina\u00e7\u00e3o.\u00a0<!--more--><\/p>\n<p>Com a aprova\u00e7\u00e3o desta candidatura, a ESPRODOURO\u00a0 poder\u00e1 realizar a\u00e7\u00f5es de forma\u00e7\u00e3o que favore\u00e7am o desenvolvimento de atitudes e capacidades de\u00a0aprendizagem e que visem, de forma integrada ou isoladamente, as dimens\u00f5es pessoal e social.<\/p>\n<p>Os destinat\u00e1rios da forma\u00e7\u00e3o s\u00e3o:<\/p>\n<ul>\n<li>Os grupos potencialmente vulner\u00e1veis, constitu\u00eddos nomeadamente por pessoas<br \/>\ncom baixos rendimentos, desempregados de longa dura\u00e7\u00e3o e benefici\u00e1rios do RSI, baixos<br \/>\nn\u00edveis de qualifica\u00e7\u00e3o, ex-reclusos, jovens sujeitos a medidas tutelares educativas e<br \/>\ncidad\u00e3os sujeitos a medidas tutelares executadas na comunidade, sem abrigo, pessoas<br \/>\ncom comportamentos aditivos e depend\u00eancias;<\/li>\n<li>Os adultos que n\u00e3o sejam detentores das compet\u00eancias b\u00e1sicas de leitura, escrita,<br \/>\nc\u00e1lculo e TIC.<\/li>\n<\/ul>\n<p>Os cursos aprovados no \u00e2mbito desta candidatura foram:<\/p>\n<ul>\n<li>Compet\u00eancias Inform\u00e1ticas B\u00e1sicas (250h)<\/li>\n<li>Cozinheiro\/a (250h)<\/li>\n<li>Empregado de mesa\/bar I (275h)<\/li>\n<li>Empregado de mesa\/bar II (250h)<\/li>\n<li>Operador Agr\u00edcola (280h)<\/li>\n<li>Operador de M\u00e1quinas Agr\u00edcolas (205h)<\/li>\n<li>Pastelaria (230h)<\/li>\n<li>Ecoturismo (250h)<\/li>\n<li>Compet\u00eancias Lingu\u00edsticas no Turismo (250h)<\/li>\n<li>Turismo de Natureza (250h)<\/li>\n<li>Como Entrar no Mercado de Trabalho (250h)<\/li>\n<li>Atendimento ao Cliente (250h)<\/li>\n<li>Enologia (250h)<\/li>\n<\/ul>\n<p>As inscri\u00e7\u00f5es podem ser feita on-line ou no Centro Qualifica da ESPRODOURO.<\/p>","protected":false},"excerpt":{"rendered":"<p>Foi hoje aprovada uma candidatura da ASDOURO ao Programa Operacional &#8211; Inclus\u00e3o Social e Emprego que ir\u00e1 permitir alargar a oferta formativa da ESPRODOURO a mais de 250 pessoas. A candidatura &#8220;Capacita\u00e7\u00e3o para a Inclus\u00e3o&#8221; visa promover o desenvolvimento das compet\u00eancias dos grupos potencialmente mais vulner\u00e1veis e\u00a0a inclus\u00e3o social e combater a pobreza e a [&hellip;]<\/p>\n","protected":false},"author":267,"featured_media":0,"comment_status":"open","ping_status":"open","sticky":false,"template":"","format":"standard","meta":{"slim_seo":{"title":"Candidatura ao POISE aprovada - ESPRODOURO","description":"Foi hoje aprovada uma candidatura da ASDOURO ao Programa Operacional - Inclus\u00e3o Social e Emprego que ir\u00e1 permitir alargar a oferta formativa da ESPRODOURO a mai"},"footnotes":""},"categories":[1],"tags":[],"class_list":["post-326","post","type-post","status-publish","format-standard","hentry","category-geral"],"blocksy_meta":{"styles_descriptor":{"styles":{"desktop":"","tablet":"","mobile":""},"google_fonts":[],"version":6}},"_links":{"self":[{"href":"https:\/\/esprodouro.com\/en\/wp-json\/wp\/v2\/posts\/326","targetHints":{"allow":["GET"]}}],"collection":[{"href":"https:\/\/esprodouro.com\/en\/wp-json\/wp\/v2\/posts"}],"about":[{"href":"https:\/\/esprodouro.com\/en\/wp-json\/wp\/v2\/types\/post"}],"author":[{"embeddable":true,"href":"https:\/\/esprodouro.com\/en\/wp-json\/wp\/v2\/users\/267"}],"replies":[{"embeddable":true,"href":"https:\/\/esprodouro.com\/en\/wp-json\/wp\/v2\/comments?post=326"}],"version-history":[{"count":0,"href":"https:\/\/esprodouro.com\/en\/wp-json\/wp\/v2\/posts\/326\/revisions"}],"wp:attachment":[{"href":"https:\/\/esprodouro.com\/en\/wp-json\/wp\/v2\/media?parent=326"}],"wp:term":[{"taxonomy":"category","embeddable":true,"href":"https:\/\/esprodouro.com\/en\/wp-json\/wp\/v2\/categories?post=326"},{"taxonomy":"post_tag","embeddable":true,"href":"https:\/\/esprodouro.com\/en\/wp-json\/wp\/v2\/tags?post=326"}],"curies":[{"name":"wp","href":"https:\/\/api.w.org\/{rel}","templated":true}]}}