{"id":356,"date":"2018-04-04T18:14:46","date_gmt":"2018-04-04T18:14:46","guid":{"rendered":"https:\/\/esprodouro.com\/\/?p=356"},"modified":"2018-04-04T18:23:18","modified_gmt":"2018-04-04T18:23:18","slug":"geriatria","status":"publish","type":"post","link":"https:\/\/esprodouro.com\/en\/geriatria\/","title":{"rendered":"Geriatria"},"content":{"rendered":"<p>Sabias que a popula\u00e7\u00e3o idosa em Portugal que em 2017 era de 2,1 \u00a0milh\u00f5es \u00a0de \u00a0pessoas \u00a0prev\u00ea-se \u00a0que \u00a0aumente \u00a0para 2,8 \u00a0milh\u00f5es \u00a0em \u00a02080?<\/p>\n<p>Sabias que at\u00e9 2049 prev\u00ea-se que v\u00e1 aumentar sempre?<\/p>\n<p>A ESPRODOURO pensou nisso e pensou em proporcionar-te uma oferta educativa com EMPREGO GARANTIDO (pelos dados observados).<\/p>\n<p>As unidades de cuidados continuados e as institui\u00e7\u00f5es de apoio \u00e0 terceira idade est\u00e3o a aum<span class=\"text_exposed_show\">entar, sendo que faltam profissionais competentes na \u00e1rea da GERIATRIA.<\/span><\/p>\n<p>Assim, desde a forma\u00e7\u00e3o com forte componente de apoio \u00e0 gest\u00e3o de institui\u00e7\u00f5es de apoio geri\u00e1trico, ao trabalho com softwares de apoio a estas institui\u00e7\u00f5es, at\u00e9 aos conhecimentos b\u00e1sicos de sa\u00fade para apoio, esta forma\u00e7\u00e3o de base tem uma dimens\u00e3o de abrang\u00eancia global.<\/p>\n<p>Teremos visitas de estudo \u00e0s melhores institui\u00e7\u00f5es do pa\u00eds, aulas pr\u00e1ticas em institui\u00e7\u00f5es, foco nas tarefas de anima\u00e7\u00e3o s\u00f3cio-cultural, entre outras&#8230; far\u00e3o de ti um ESPECIALISTA em APOIO GERI\u00c1TRICO.<\/p>\n<p>Acreditamos que podemos ajudar a construir o TEU PROJETO de vida individual e adaptar o curso a ti! Assim, vem contar-nos o que pretendes e n\u00f3s faremos o esfor\u00e7o de dar vida ao teu futuro!<\/p>\n<p>Reserva j\u00e1 a tua vaga antes que esgote no link <a href=\"https:\/\/l.facebook.com\/l.php?u=https%3A%2F%2Fgoo.gl%2Fforms%2FWFsMHkP6PydTBvHW2&amp;h=ATOYw6KWoBJm7qsyNy_RBKGd_xCXeBhgOW2LwvaAtPbCUtidT8ezvoWJKfsUDp4vChYHwtm0CwuQrVPC4YUiMHq8zXjUR91MRcyWW75DL40olPbpqXdksqAa0ACqe60oYq3OleAAbA\" target=\"_blank\" rel=\"nofollow noopener\" data-lynx-mode=\"origin\">https:\/\/goo.gl\/forms\/<wbr \/>WFsMHkP6PydTBvHW2<\/a> e vem ver como vai ser no pr\u00f3ximo ano letivo a NOVA ESPRODOURO&#8230; uma escola renovada e de EXCEL\u00caNCIA!<\/p>","protected":false},"excerpt":{"rendered":"<p>Sabias que a popula\u00e7\u00e3o idosa em Portugal que em 2017 era de 2,1 \u00a0milh\u00f5es \u00a0de \u00a0pessoas \u00a0prev\u00ea-se \u00a0que \u00a0aumente \u00a0para 2,8 \u00a0milh\u00f5es \u00a0em \u00a02080? Sabias que at\u00e9 2049 prev\u00ea-se que v\u00e1 aumentar sempre? A ESPRODOURO pensou nisso e pensou em proporcionar-te uma oferta educativa com EMPREGO GARANTIDO (pelos dados observados). As unidades de cuidados continuados [&hellip;]<\/p>\n","protected":false},"author":267,"featured_media":358,"comment_status":"open","ping_status":"open","sticky":false,"template":"","format":"standard","meta":{"slim_seo":{"title":"Geriatria - ESPRODOURO","description":"Sabias que a popula\u00e7\u00e3o idosa em Portugal que em 2017 era de 2,1 \u00a0milh\u00f5es \u00a0de \u00a0pessoas \u00a0prev\u00ea-se \u00a0que \u00a0aumente \u00a0para 2,8 \u00a0milh\u00f5es \u00a0em \u00a02080? Sabias que at\u00e9 2049"},"footnotes":""},"categories":[3],"tags":[],"class_list":["post-356","post","type-post","status-publish","format-standard","has-post-thumbnail","hentry","category-slider"],"blocksy_meta":{"styles_descriptor":{"styles":{"desktop":"","tablet":"","mobile":""},"google_fonts":[],"version":6}},"_links":{"self":[{"href":"https:\/\/esprodouro.com\/en\/wp-json\/wp\/v2\/posts\/356","targetHints":{"allow":["GET"]}}],"collection":[{"href":"https:\/\/esprodouro.com\/en\/wp-json\/wp\/v2\/posts"}],"about":[{"href":"https:\/\/esprodouro.com\/en\/wp-json\/wp\/v2\/types\/post"}],"author":[{"embeddable":true,"href":"https:\/\/esprodouro.com\/en\/wp-json\/wp\/v2\/users\/267"}],"replies":[{"embeddable":true,"href":"https:\/\/esprodouro.com\/en\/wp-json\/wp\/v2\/comments?post=356"}],"version-history":[{"count":0,"href":"https:\/\/esprodouro.com\/en\/wp-json\/wp\/v2\/posts\/356\/revisions"}],"wp:featuredmedia":[{"embeddable":true,"href":"https:\/\/esprodouro.com\/en\/wp-json\/wp\/v2\/media\/358"}],"wp:attachment":[{"href":"https:\/\/esprodouro.com\/en\/wp-json\/wp\/v2\/media?parent=356"}],"wp:term":[{"taxonomy":"category","embeddable":true,"href":"https:\/\/esprodouro.com\/en\/wp-json\/wp\/v2\/categories?post=356"},{"taxonomy":"post_tag","embeddable":true,"href":"https:\/\/esprodouro.com\/en\/wp-json\/wp\/v2\/tags?post=356"}],"curies":[{"name":"wp","href":"https:\/\/api.w.org\/{rel}","templated":true}]}}