{"id":4650,"date":"2020-03-11T14:35:11","date_gmt":"2020-03-11T14:35:11","guid":{"rendered":"https:\/\/esprodouro.com\/\/?p=4650"},"modified":"2020-04-22T13:42:19","modified_gmt":"2020-04-22T13:42:19","slug":"covid-19-coronavirus","status":"publish","type":"post","link":"https:\/\/esprodouro.com\/en\/covid-19-coronavirus\/","title":{"rendered":"COVID &#8211; 19 (CORONAV\u00cdRUS)"},"content":{"rendered":"<p><strong>CIRCULAR N.\u00ba 5\/19_20 <\/strong>de 13 de mar\u00e7o de 2020<\/p>\r\n\r\n\r\n\r\n<p><strong>ASSUNTO:<\/strong> SUSPENS\u00c3O DE EST\u00c1GIOS E MEDIDAS DE TRABALHO \u00c0 DIST\u00c2NCIA<\/p>\r\n\r\n\r\n\r\n<p>Ap\u00f3s a comunica\u00e7\u00e3o do Conselho de Ministros de 12 de mar\u00e7o de 2020, e de acordo com a recomenda\u00e7\u00e3o da ANESPO de 13 de mar\u00e7o de 2020, e tendo em conta que j\u00e1 estamos em medidas continuadas para a preven\u00e7\u00e3o e propaga\u00e7\u00e3o do novo COVID-19, somos a tomar a presentes decis\u00f5es que devem entrar em vigor a partir do dia de hoje, assim como a prestar os esclarecimentos de algumas d\u00favidas colocadas por alunos, fam\u00edlias e colaboradores:<\/p>\r\n\r\n\r\n\r\n<ol class=\"wp-block-list\">\r\n<li>Os alunos do 3.\u00ba ano (12\u00ba ano) que est\u00e3o em est\u00e1gio na presente data, devem em conjunto com o seu tutor e orientador negociar o final das horas de Forma\u00e7\u00e3o em Contexto de Trabalho, para serem realizadas em data a designar, provavelmente nas f\u00e9rias do ver\u00e3o, suspendendo o est\u00e1gio com efeitos imediatos, para prote\u00e7\u00e3o dos alunos e para apaziguar as ansiedades das fam\u00edlias.\u00a0<\/li>\r\n<\/ol>\r\n\r\n\r\n\r\n<p>Veja TODO o conte\u00fado da<a href=\"https:\/\/esprodouro.com\/\/wp-content\/uploads\/2020\/03\/CIRCULAR-5_19_20-.pdf\"> Circular n.\u00ba5\/19_20 AQUI<\/a><\/p>\r\n\r\n\r\n\r\n<p><strong>CIRCULAR N.\u00ba4\/19_20 <\/strong>de 11 de mar\u00e7o de 2020<\/p>\r\n\r\n\r\n\r\n<p><strong>ASSUNTO:<\/strong> PLANO DE CONTING\u00caNCIA PARA O COVID-19 COM ENSINO \u00c0 DIST\u00c2NCIA<\/p>\r\n\r\n\r\n\r\n<p>Nos termos do Despacho n.\u00ba 2836-A\/2020, publicado no Di\u00e1rio da Rep\u00fablica 2\u00aa S\u00e9rie N.\u00ba 43 de 2 de mar\u00e7o e de acordo com a informa\u00e7\u00e3o disponibilizada pela Dire\u00e7\u00e3o-Geral da Sa\u00fade (DGS), o Centro Europeu de Preven\u00e7\u00e3o e Controlo de Doen\u00e7as (ECDC), foi elaborado pela ESPRODOURO um Plano de Conting\u00eancia para o COVID-19, alinhado com a Orienta\u00e7\u00e3o n.\u00ba 6\/2020, de 26\/02\/2020 da DGS, sem preju\u00edzo de poderem vir a ser adotadas outras medidas adicionais emitidas pela mesma entidade ou pelos membros do Governo competentes.<\/p>\r\n\r\n\r\n\r\n<p>A ASDOURO, entidade propriet\u00e1ria da ESPRODOURO, \u00e9 ainda respons\u00e1vel por organizar os Servi\u00e7os de Sa\u00fade e Seguran\u00e7a do Trabalho (SST) de acordo com o estabelecido no \u201c<em>Regime jur\u00eddico da promo\u00e7\u00e3o da seguran\u00e7a e sa\u00fade no trabalho<\/em>\u201d (RJPSST &#8211; Lei n.\u00ba 102\/2009, de 10 de setembro, na sua atual reda\u00e7\u00e3o). \u00c9 obriga\u00e7\u00e3o do empregador assegurar aos seus trabalhadores condi\u00e7\u00f5es de seguran\u00e7a e de sa\u00fade, de forma continuada e permanente, tendo em conta os princ\u00edpios gerais de preven\u00e7\u00e3o (art. 15.\u00ba do RJPSST).\u00a0\u00a0<\/p>\r\n\r\n\r\n\r\n<p>Tendo em conta que a recomenda\u00e7\u00e3o do Despacho n.\u00ba 2836-A\/2020, publicado no Di\u00e1rio da Rep\u00fablica 2\u00aa S\u00e9rie N.\u00ba 43 de 2 de mar\u00e7o, nos seus n\u00fameros 3\u00ba e 4\u00ba que:<\/p>\r\n\r\n\r\n\r\n<p><em>\u201c3 &#8211; O plano de conting\u00eancia deve conter ainda os procedimentos alternativos que permitam garantir o normal funcionamento de cada servi\u00e7o ou estabelecimento, que sejam considerados os mais adequados face \u00e0 respetiva natureza, atribui\u00e7\u00f5es e caracteriza\u00e7\u00e3o de postos de trabalho, privilegiando o recurso ao mecanismo do teletrabalho, o qual s\u00f3 dever\u00e1 ser afastado por raz\u00f5es imperiosas de interesse p\u00fablico.<\/em><\/p>\r\n\r\n\r\n\r\n<p><em>4 &#8211; Ainda no \u00e2mbito do plano de conting\u00eancia previsto nos n\u00fameros anteriores, devem ser equacionadas, nomeadamente, a eventual ocorr\u00eancia das seguintes situa\u00e7\u00f5es:<\/em><\/p>\r\n\r\n\r\n\r\n<p><em>a) Redu\u00e7\u00e3o ou suspens\u00e3o do per\u00edodo de atendimento, consoante o caso;<\/em><\/p>\r\n\r\n\r\n\r\n<p><em>b) Suspens\u00e3o de eventos ou iniciativas p\u00fablicas, realizados quer em locais fechados quer em locais abertos ao p\u00fablico;<\/em><\/p>\r\n\r\n\r\n\r\n<p><em>c) Suspens\u00e3o de atividades de forma\u00e7\u00e3o presencial, dando prefer\u00eancia a forma\u00e7\u00f5es \u00e0 dist\u00e2ncia;<\/em><\/p>\r\n\r\n\r\n\r\n<p><em>d) &#8230;<\/em><\/p>\r\n\r\n\r\n\r\n<p><em>e) Suspens\u00e3o do funcionamento de bares, cantinas, refeit\u00f3rios e utiliza\u00e7\u00e3o de outros espa\u00e7os comuns.\u201d<\/em><\/p>\r\n\r\n\r\n\r\n<p>Ap\u00f3s ausculta\u00e7\u00e3o do Sr. Delegado Regional de Educa\u00e7\u00e3o, do Sr. Delegado de Sa\u00fade, do Sr. Presidente da Autarquia, a dire\u00e7\u00e3o do Eixo 1 do POCH, e tendo em conta que:<\/p>\r\n\r\n\r\n\r\n<ol class=\"wp-block-list\">\r\n<li>A ESPRODOURO tem alunos de v\u00e1rios concelhos cuja obten\u00e7\u00e3o de informa\u00e7\u00e3o ver\u00eddica sobre contacto com potenciais infetados \u00e9 dif\u00edcil;<\/li>\r\n<li>A ESPRODOURO tem colaboradores e familiares de alunos que viajaram recentemente para outros pa\u00edses com casos ativos;<\/li>\r\n<li>O concelho de S\u00e3o Jo\u00e3o da Pesqueira n\u00e3o possui internamento ou estruturas de sa\u00fade capazes de atender um grupo de pessoas consider\u00e1vel, sendo deslocados para regi\u00f5es a mais de 1h de dist\u00e2ncia.<\/li>\r\n<li>Uma vez que a ESPRODOURO n\u00e3o tem possibilidade de adquirir todos os materiais que est\u00e3o previstos no plano de conten\u00e7\u00e3o por estarem esgotados no mercado, assim como a pouca garantia do isolamento por dificuldades de log\u00edstica interna do espa\u00e7o escolar.<\/li>\r\n<li>Tendo em conta que a escola possui mecanismos de ensino \u00e0 dist\u00e2ncia dispon\u00edveis para todos os alunos e docentes.<\/li>\r\n<li>Seguindo as recomenda\u00e7\u00f5es claras do Despacho n.\u00ba 2836-A\/2020 de 2 de mar\u00e7o que recomenda a forma\u00e7\u00e3o \u00e0 dist\u00e2ncia.<\/li>\r\n<li>Partindo do pressuposto que a preven\u00e7\u00e3o \u00e9 o caminho, evitando a atua\u00e7\u00e3o em caso de casos positivos, ou seja, o contacto zero de popula\u00e7\u00f5es \u00e9 a melhor recomenda\u00e7\u00e3o.<\/li>\r\n<\/ol>\r\n\r\n\r\n\r\n<p>Assim decidiu a Dire\u00e7\u00e3o da ASDOURO e a Dire\u00e7\u00e3o Geral e Pedag\u00f3gica da ESPRODOURO que:<\/p>\r\n\r\n\r\n\r\n<ol class=\"wp-block-list\">\r\n<li>As aulas presenciais da ESPRODOURO entre os dias 12 e 27 de mar\u00e7o, passam a ser ministradas em regime de forma\u00e7\u00e3o \u00e0 dist\u00e2ncia, em formato s\u00edncrono e ass\u00edncrono, usando a plataforma Google Classroom, Google Reuni\u00f5es e outros do G-Suite, com registo de evid\u00eancias e presen\u00e7as.<\/li>\r\n<li>No dia de hoje vamos dar forma\u00e7\u00e3o aos alunos e docentes em Google Classroom, Google Reuni\u00f5es e exemplos de aulas \u00e0 dist\u00e2ncia. Ser\u00e1 tamb\u00e9m apresentado e enviado a todos por mail o plano de conting\u00eancia, e dada forma\u00e7\u00e3o em higieniza\u00e7\u00e3o b\u00e1sica das m\u00e3os e cuidados.<\/li>\r\n<li>O acesso ao Google Classroom \u00e9 OBRIGAT\u00d3RIO todos os dias pelos alunos e devem realizar os trabalhos e tarefas que os docentes disponibilizarem no Google Classroom, assim como participar nas aulas marcadas por Google Reuni\u00e3o, sob pena de ser registada falta de presen\u00e7a e consequentemente, terem que ser recuperadas as horas no per\u00edodo de recupera\u00e7\u00e3o.<\/li>\r\n<li>Os hor\u00e1rios ser\u00e3o alterados, representando o n\u00famero de horas que os docentes que est\u00e3o em atividade durante esses dias, suspendendo as UFCD\u2019s pr\u00e1ticas.<\/li>\r\n<li>Todos os projetos do Plano Anual de Atividades a decorrer no segundo per\u00edodo ser\u00e3o suspensos, sendo que dever\u00e3o ser agendados no in\u00edcio do 3\u00ba per\u00edodo.<\/li>\r\n<li>A escola n\u00e3o encerra, mas ter\u00e1 apenas servi\u00e7os m\u00ednimos de forma presencial, e funcionar\u00e1 do ponto de vista letivo com aulas \u00e0 dist\u00e2ncia em regime s\u00edncrono e ass\u00edncrono, na propor\u00e7\u00e3o de em cada 5h de forma\u00e7\u00e3o, 1h \u00e9 obrigatoriamente s\u00edncrona.<\/li>\r\n<li>Caso necessitem de acesso \u00e0 Internet os alunos podem usar as instala\u00e7\u00f5es da escola individualmente ou solicitar informa\u00e7\u00e3o onde podem ter acesso a Internet na sua zona de resid\u00eancia.<\/li>\r\n<\/ol>\r\n\r\n\r\n\r\n<p>As presentes medidas ter\u00e3o efeito imediato, e mesmo em caso de encerramento do estabelecimento por indica\u00e7\u00e3o da tutela, sugerimos, caso autorizado pela DGESTE que as aulas \u00e0 dist\u00e2ncia continuem a ocorrer durante o per\u00edodo definido.<\/p>\r\n\r\n\r\n\r\n<p>O <a href=\"https:\/\/esprodouro.com\/\/wp-content\/uploads\/2020\/03\/Plano_Contingencia_COVID19-1.pdf\">Plano de Conting\u00eancia para o COVID-19<\/a> pode ser consultado <a href=\"https:\/\/esprodouro.com\/\/wp-content\/uploads\/2020\/03\/Plano_Contingencia_COVID19-1.pdf\">AQUI<\/a>. Qualquer d\u00favida deve ser enviada para o mail <a href=\"mailto:geral@esprodouro.com\">geral@esprodouro.com<\/a> ou para o telefone 254 481 033 onde podemos esclarecer. Foi enviada a presente circular a todos os alunos e colaboradores, em conjunto com o Plano de Conting\u00eancia, assim como foram informados via telefone todos os Encarregados de Educa\u00e7\u00e3o.<\/p>\r\n\r\n\r\n\r\n<p><strong>Com os melhores cumprimentos,<\/strong><br \/>S\u00e3o Jo\u00e3o da Pesqueira, 11 de mar\u00e7o de 2020 <strong> \u00a0 \u00a0 \u00a0 <\/strong><\/p>\r\n\r\n\r\n\r\n<p><strong>O Diretor Geral e Pedag\u00f3gico<\/strong><br \/>Fernando Rodrigues<\/p>\r\n\r\n\r\n\r\n<p>Pode ver os ficheiros em:<br \/><a href=\"https:\/\/esprodouro.com\/\/wp-content\/uploads\/2020\/03\/CIRCULAR-4_19_20-COVID19-1-1.pdf\" target=\"_blank\" rel=\"noreferrer noopener\" aria-label=\"CIRCULAR 4\/19_20 (abre num novo separador)\">CIRCULAR 4\/19_20<\/a><br \/><a href=\"https:\/\/esprodouro.com\/\/wp-content\/uploads\/2020\/03\/Plano_Contingencia_COVID19-1.pdf\" target=\"_blank\" rel=\"noreferrer noopener\" aria-label=\"Plano de Contig\u00eancia para o COVID-19 da ESPRODOURO  (abre num novo separador)\">Plano de Contig\u00eancia para o COVID-19 da ESPRODOURO <\/a><br \/><a href=\"https:\/\/esprodouro.com\/\/wp-content\/uploads\/2020\/03\/CIRCULAR-5_19_20-.pdf\">CIRCULAR 5\/19_20<\/a><\/p>","protected":false},"excerpt":{"rendered":"<p>CIRCULAR N.\u00ba 5\/19_20 de 13 de mar\u00e7o de 2020 ASSUNTO: SUSPENS\u00c3O DE EST\u00c1GIOS E MEDIDAS DE TRABALHO \u00c0 DIST\u00c2NCIA Ap\u00f3s a comunica\u00e7\u00e3o do Conselho de Ministros de 12 de mar\u00e7o de 2020, e de acordo com a recomenda\u00e7\u00e3o da ANESPO de 13 de mar\u00e7o de 2020, e tendo em conta que j\u00e1 estamos em medidas [&hellip;]<\/p>\n","protected":false},"author":4,"featured_media":4911,"comment_status":"open","ping_status":"open","sticky":false,"template":"","format":"standard","meta":{"slim_seo":{"title":"COVID - 19 (CORONAV\u00cdRUS) - ESPRODOURO","description":"CIRCULAR N.\u00ba 5\/19_20 de 13 de mar\u00e7o de 2020 ASSUNTO: SUSPENS\u00c3O DE EST\u00c1GIOS E MEDIDAS DE TRABALHO \u00c0 DIST\u00c2NCIA Ap\u00f3s a comunica\u00e7\u00e3o do Conselho de Ministros de 12 d"},"footnotes":""},"categories":[1],"tags":[],"class_list":["post-4650","post","type-post","status-publish","format-standard","has-post-thumbnail","hentry","category-geral"],"blocksy_meta":{"styles_descriptor":{"styles":{"desktop":"","tablet":"","mobile":""},"google_fonts":[],"version":6}},"_links":{"self":[{"href":"https:\/\/esprodouro.com\/en\/wp-json\/wp\/v2\/posts\/4650","targetHints":{"allow":["GET"]}}],"collection":[{"href":"https:\/\/esprodouro.com\/en\/wp-json\/wp\/v2\/posts"}],"about":[{"href":"https:\/\/esprodouro.com\/en\/wp-json\/wp\/v2\/types\/post"}],"author":[{"embeddable":true,"href":"https:\/\/esprodouro.com\/en\/wp-json\/wp\/v2\/users\/4"}],"replies":[{"embeddable":true,"href":"https:\/\/esprodouro.com\/en\/wp-json\/wp\/v2\/comments?post=4650"}],"version-history":[{"count":0,"href":"https:\/\/esprodouro.com\/en\/wp-json\/wp\/v2\/posts\/4650\/revisions"}],"wp:featuredmedia":[{"embeddable":true,"href":"https:\/\/esprodouro.com\/en\/wp-json\/wp\/v2\/media\/4911"}],"wp:attachment":[{"href":"https:\/\/esprodouro.com\/en\/wp-json\/wp\/v2\/media?parent=4650"}],"wp:term":[{"taxonomy":"category","embeddable":true,"href":"https:\/\/esprodouro.com\/en\/wp-json\/wp\/v2\/categories?post=4650"},{"taxonomy":"post_tag","embeddable":true,"href":"https:\/\/esprodouro.com\/en\/wp-json\/wp\/v2\/tags?post=4650"}],"curies":[{"name":"wp","href":"https:\/\/api.w.org\/{rel}","templated":true}]}}