{"id":577,"date":"2019-04-02T10:22:33","date_gmt":"2019-04-02T10:22:33","guid":{"rendered":"https:\/\/esprodouro.com\/\/?p=577"},"modified":"2024-08-08T18:27:36","modified_gmt":"2024-08-08T18:27:36","slug":"aromas-e-sabores-a-prova-na-esprodouro","status":"publish","type":"post","link":"https:\/\/esprodouro.com\/en\/aromas-e-sabores-a-prova-na-esprodouro\/","title":{"rendered":"Aromas e Sabores \u00e0 prova na Esprodouro"},"content":{"rendered":"<p><br><\/p>\n\n\n\n<p>Nos pr\u00f3ximos dias 18, 19 e 20 de mar\u00e7o ter\u00e1 lugar na EsproDouro e no Museu do Vinho as apresenta\u00e7\u00f5es das Provas de Apitd\u00e3o Profissional (PAP) dos alunos da escola profissional dos cursos de Cozinha e Pastelaria e do curso de Restaurante\/Bar.<\/p>\n\n\n\n<p>Sob a orienta\u00e7\u00e3o do prof. Carlos Sousa, cerca de 20 alunos ir\u00e3o apresentar pratos, sabores e aromas trabalhados ao longo dos v\u00e1rios meses, demonstrando todo o seu crescimento, compet\u00eancias e atitudes adquiridas. <br>\n\u2028\u201c\u00c9 um momento importante para estes alunos, que demonstraram vontade e persist\u00eancia ao longo destes meses. Cresceram na cozinha a n\u00edvel profissional, e tamb\u00e9m como ser humano, o que deixa a EsproDouro com um enorme orgulho deles\u201d, afirmou o professor Carlos Sousa.<\/p>\n\n\n\n<p>As cria\u00e7\u00f5es dos jovens profissionais ser\u00e3o apresentadas face a um j\u00fari, que ir\u00e1 avaliar criatividade, harmonia, sabores e aromas das cria\u00e7\u00f5es dos seus alunos, bem como postura, simpatia e capacidade de organiza\u00e7\u00e3o. <\/p>\n\n\n\n<p>Estas apresenta\u00e7\u00f5es foram motivadas pelo compromisso que a escola assume com todos os seus alunos \u201cO Teu Sonho \u00e9 nosso Desafio\u201d, o sonho de completar um ciclo na EsproDouro estar\u00e1 perto para estes alunos, que ter\u00e3o o desafio de entrar no mercado de trabalho em breve. <\/p>\n\n\n\n<p>A comunidade escolar estar\u00e1 focada nestes dias em proporcionar um ambiente confort\u00e1vel e realista aos seus alunos, permitindo a todos que se sintam em casa e possam dar vida \u00e0s suas cria\u00e7\u00f5es da melhor forma.<\/p>\n\n\n\n<figure class=\"wp-block-image is-resized\"><img fetchpriority=\"high\" decoding=\"async\" src=\"https:\/\/esprodouro.com\/\/wp-content\/uploads\/2019\/04\/54386882_10157214282039529_8704902508507561984_n.webp\" alt=\"\" class=\"wp-image-589\" width=\"486\" height=\"363\" srcset=\"https:\/\/esprodouro.com\/wp-content\/uploads\/2019\/04\/54386882_10157214282039529_8704902508507561984_n.webp 960w, https:\/\/esprodouro.com\/wp-content\/uploads\/2019\/04\/54386882_10157214282039529_8704902508507561984_n-300x225.webp 300w, https:\/\/esprodouro.com\/wp-content\/uploads\/2019\/04\/54386882_10157214282039529_8704902508507561984_n-768x575.webp 768w, https:\/\/esprodouro.com\/wp-content\/uploads\/2019\/04\/54386882_10157214282039529_8704902508507561984_n-16x12.webp 16w\" sizes=\"(max-width: 486px) 100vw, 486px\" \/><\/figure>\n\n\n\n<figure class=\"wp-block-image\"><img decoding=\"async\" src=\"https:\/\/esprodouro.com\/\/wp-content\/uploads\/2019\/04\/54393322_10157214906379529_4941989597857972224_n-360x235.jpg\" alt=\"\" class=\"wp-image-580\"\/><\/figure>","protected":false},"excerpt":{"rendered":"<p>Nos pr\u00f3ximos dias 18, 19 e 20 de mar\u00e7o ter\u00e1 lugar na EsproDouro e no Museu do Vinho as apresenta\u00e7\u00f5es das Provas de Apitd\u00e3o Profissional (PAP) dos alunos da escola profissional dos cursos de Cozinha e Pastelaria e do curso de Restaurante\/Bar. Sob a orienta\u00e7\u00e3o do prof. Carlos Sousa, cerca de 20 alunos ir\u00e3o apresentar [&hellip;]<\/p>\n","protected":false},"author":2,"featured_media":578,"comment_status":"open","ping_status":"open","sticky":false,"template":"","format":"standard","meta":{"slim_seo":{"title":"Aromas e Sabores \u00e0 prova na Esprodouro - ESPRODOURO","description":"Nos pr\u00f3ximos dias 18, 19 e 20 de mar\u00e7o ter\u00e1 lugar na EsproDouro e no Museu do Vinho as apresenta\u00e7\u00f5es das Provas de Apitd\u00e3o Profissional (PAP) dos alunos da esco"},"footnotes":""},"categories":[1],"tags":[],"class_list":["post-577","post","type-post","status-publish","format-standard","has-post-thumbnail","hentry","category-geral"],"blocksy_meta":{"styles_descriptor":{"styles":{"desktop":"","tablet":"","mobile":""},"google_fonts":[],"version":6}},"_links":{"self":[{"href":"https:\/\/esprodouro.com\/en\/wp-json\/wp\/v2\/posts\/577","targetHints":{"allow":["GET"]}}],"collection":[{"href":"https:\/\/esprodouro.com\/en\/wp-json\/wp\/v2\/posts"}],"about":[{"href":"https:\/\/esprodouro.com\/en\/wp-json\/wp\/v2\/types\/post"}],"author":[{"embeddable":true,"href":"https:\/\/esprodouro.com\/en\/wp-json\/wp\/v2\/users\/2"}],"replies":[{"embeddable":true,"href":"https:\/\/esprodouro.com\/en\/wp-json\/wp\/v2\/comments?post=577"}],"version-history":[{"count":0,"href":"https:\/\/esprodouro.com\/en\/wp-json\/wp\/v2\/posts\/577\/revisions"}],"wp:featuredmedia":[{"embeddable":true,"href":"https:\/\/esprodouro.com\/en\/wp-json\/wp\/v2\/media\/578"}],"wp:attachment":[{"href":"https:\/\/esprodouro.com\/en\/wp-json\/wp\/v2\/media?parent=577"}],"wp:term":[{"taxonomy":"category","embeddable":true,"href":"https:\/\/esprodouro.com\/en\/wp-json\/wp\/v2\/categories?post=577"},{"taxonomy":"post_tag","embeddable":true,"href":"https:\/\/esprodouro.com\/en\/wp-json\/wp\/v2\/tags?post=577"}],"curies":[{"name":"wp","href":"https:\/\/api.w.org\/{rel}","templated":true}]}}