{"id":592,"date":"2019-04-02T10:25:20","date_gmt":"2019-04-02T10:25:20","guid":{"rendered":"https:\/\/esprodouro.com\/\/?p=592"},"modified":"2024-08-08T18:28:48","modified_gmt":"2024-08-08T18:28:48","slug":"esprodouro-no-vivadouro","status":"publish","type":"post","link":"https:\/\/esprodouro.com\/en\/esprodouro-no-vivadouro\/","title":{"rendered":"ESPRODOURO no VivaDouro"},"content":{"rendered":"<p>Aqui ficam as novidades da que sa\u00edram no jornal VivaDouro ontem&#8230; o reconhecimento do trabalho de EXCEL\u00caNCIA da ESPRODOURO come\u00e7a a ser real! <\/p>\n\n\n\n<p><strong>Este ano com v\u00e1rios alunos a ingressar no Ensino Superior e outros no mercado de trabalho! <\/strong><\/p>\n\n\n\n<p>Ter alunos de TOPO d\u00e1 neste resultado&#8230; vemos o potencial nos nossos alunos que outros n\u00e3o v\u00eaem e o resultado \u00e9 este. Uma escola mudada e com grandes resultados&#8230; <\/p>\n\n\n\n<p>OBRIGADO A TODOS os alunos, docentes, colaboradores, \u00e0 C\u00e2mara Municipal na figura do Sr. Presidente, o Dr. Manuel Cordeiro, do Presidente da ASDOURO, o Dr. Jos\u00e9 Rodrigues e Dr. Paulo Tolda, \u00e0 Comiss\u00e3o Executiva do Cr\u00e9dito Agr\u00edcola, na figura da Dr. Juliana Ladeira e comunidade de S\u00e3o Jo\u00e3o da Pesqueira por fazerem parte deste processo! <\/p>\n\n\n\n<p><strong>Sem o esfor\u00e7o de todos n\u00e3o seria poss\u00edvel este resultado&#8230; e ainda s\u00f3 estamos a come\u00e7ar!<\/strong><\/p>\n\n\n\n<p><br><\/p>\n\n\n\n<figure class=\"wp-block-image\"><img fetchpriority=\"high\" decoding=\"async\" width=\"576\" height=\"750\" src=\"https:\/\/esprodouro.com\/\/wp-content\/uploads\/2019\/04\/54432946_10157216493379529_8880393867199774720_n-1.webp\" alt=\"\" class=\"wp-image-593\" srcset=\"https:\/\/esprodouro.com\/wp-content\/uploads\/2019\/04\/54432946_10157216493379529_8880393867199774720_n-1.webp 576w, https:\/\/esprodouro.com\/wp-content\/uploads\/2019\/04\/54432946_10157216493379529_8880393867199774720_n-1-230x300.webp 230w, https:\/\/esprodouro.com\/wp-content\/uploads\/2019\/04\/54432946_10157216493379529_8880393867199774720_n-1-9x12.webp 9w\" sizes=\"(max-width: 576px) 100vw, 576px\" \/><\/figure>\n\n\n\n<figure class=\"wp-block-image is-resized\"><img decoding=\"async\" src=\"https:\/\/esprodouro.com\/\/wp-content\/uploads\/2019\/04\/54462610_10157216493389529_3764448876853985280_n.webp\" alt=\"\" class=\"wp-image-594\" width=\"566\" height=\"629\" srcset=\"https:\/\/esprodouro.com\/wp-content\/uploads\/2019\/04\/54462610_10157216493389529_3764448876853985280_n.webp 722w, https:\/\/esprodouro.com\/wp-content\/uploads\/2019\/04\/54462610_10157216493389529_3764448876853985280_n-270x300.webp 270w, https:\/\/esprodouro.com\/wp-content\/uploads\/2019\/04\/54462610_10157216493389529_3764448876853985280_n-11x12.webp 11w\" sizes=\"(max-width: 566px) 100vw, 566px\" \/><\/figure>","protected":false},"excerpt":{"rendered":"<p>Aqui ficam as novidades da que sa\u00edram no jornal VivaDouro ontem&#8230; o reconhecimento do trabalho de EXCEL\u00caNCIA da ESPRODOURO come\u00e7a a ser real! Este ano com v\u00e1rios alunos a ingressar no Ensino Superior e outros no mercado de trabalho! Ter alunos de TOPO d\u00e1 neste resultado&#8230; vemos o potencial nos nossos alunos que outros n\u00e3o [&hellip;]<\/p>\n","protected":false},"author":2,"featured_media":596,"comment_status":"open","ping_status":"open","sticky":false,"template":"","format":"standard","meta":{"slim_seo":{"title":"ESPRODOURO no VivaDouro - ESPRODOURO","description":"Aqui ficam as novidades da que sa\u00edram no jornal VivaDouro ontem... o reconhecimento do trabalho de EXCEL\u00caNCIA da ESPRODOURO come\u00e7a a ser real! Este ano com v\u00e1ri"},"footnotes":""},"categories":[96,1],"tags":[],"class_list":["post-592","post","type-post","status-publish","format-standard","has-post-thumbnail","hentry","category-esprodouro","category-geral"],"blocksy_meta":{"styles_descriptor":{"styles":{"desktop":"","tablet":"","mobile":""},"google_fonts":[],"version":6}},"_links":{"self":[{"href":"https:\/\/esprodouro.com\/en\/wp-json\/wp\/v2\/posts\/592","targetHints":{"allow":["GET"]}}],"collection":[{"href":"https:\/\/esprodouro.com\/en\/wp-json\/wp\/v2\/posts"}],"about":[{"href":"https:\/\/esprodouro.com\/en\/wp-json\/wp\/v2\/types\/post"}],"author":[{"embeddable":true,"href":"https:\/\/esprodouro.com\/en\/wp-json\/wp\/v2\/users\/2"}],"replies":[{"embeddable":true,"href":"https:\/\/esprodouro.com\/en\/wp-json\/wp\/v2\/comments?post=592"}],"version-history":[{"count":0,"href":"https:\/\/esprodouro.com\/en\/wp-json\/wp\/v2\/posts\/592\/revisions"}],"wp:featuredmedia":[{"embeddable":true,"href":"https:\/\/esprodouro.com\/en\/wp-json\/wp\/v2\/media\/596"}],"wp:attachment":[{"href":"https:\/\/esprodouro.com\/en\/wp-json\/wp\/v2\/media?parent=592"}],"wp:term":[{"taxonomy":"category","embeddable":true,"href":"https:\/\/esprodouro.com\/en\/wp-json\/wp\/v2\/categories?post=592"},{"taxonomy":"post_tag","embeddable":true,"href":"https:\/\/esprodouro.com\/en\/wp-json\/wp\/v2\/tags?post=592"}],"curies":[{"name":"wp","href":"https:\/\/api.w.org\/{rel}","templated":true}]}}