{"id":6030,"date":"2020-06-01T21:30:16","date_gmt":"2020-06-01T21:30:16","guid":{"rendered":"https:\/\/esprodouro.com\/?p=6030"},"modified":"2024-08-11T10:59:44","modified_gmt":"2024-08-11T10:59:44","slug":"esprodouro-tem-selo-eqavet-de-qualidade","status":"publish","type":"post","link":"https:\/\/esprodouro.com\/en\/esprodouro-tem-selo-eqavet-de-qualidade\/","title":{"rendered":"ESPRODOURO tem Selo EQAVET"},"content":{"rendered":"<p><img decoding=\"async\" class=\"alignnone wp-image-6031\" src=\"https:\/\/esprodouro.com\/wp-content\/uploads\/2020\/06\/captura-de-ecra-2020-06-01-as-222700-300x57.webp\" alt=\"\" width=\"505\" height=\"96\" srcset=\"https:\/\/esprodouro.com\/wp-content\/uploads\/2020\/06\/captura-de-ecra-2020-06-01-as-222700-300x57.webp 300w, https:\/\/esprodouro.com\/wp-content\/uploads\/2020\/06\/captura-de-ecra-2020-06-01-as-222700-1024x196.webp 1024w, https:\/\/esprodouro.com\/wp-content\/uploads\/2020\/06\/captura-de-ecra-2020-06-01-as-222700-768x147.webp 768w, https:\/\/esprodouro.com\/wp-content\/uploads\/2020\/06\/captura-de-ecra-2020-06-01-as-222700-18x3.webp 18w, https:\/\/esprodouro.com\/wp-content\/uploads\/2020\/06\/captura-de-ecra-2020-06-01-as-222700.webp 1378w\" sizes=\"(max-width: 505px) 100vw, 505px\" \/><\/p>\n<section class=\"elementor-element elementor-element-6a95b379 elementor-section-boxed elementor-section-height-default elementor-section-height-default elementor-section elementor-top-section\" data-id=\"6a95b379\" data-element_type=\"section\">\n<div class=\"elementor-container elementor-column-gap-default\">\n<div class=\"elementor-row\">\n<div class=\"elementor-element elementor-element-7a099d46 elementor-column elementor-col-100 elementor-top-column\" data-id=\"7a099d46\" data-element_type=\"column\">\n<div class=\"elementor-column-wrap elementor-element-populated\">\n<div class=\"elementor-widget-wrap\">\n<div class=\"elementor-element elementor-element-567b770d elementor-widget elementor-widget-heading\" data-id=\"567b770d\" data-element_type=\"widget\" data-widget_type=\"heading.default\">\n<div class=\"elementor-widget-container\">\n<h5 class=\"elementor-heading-title elementor-size-default\">ESPRODOURO obt\u00e9m selo, por 3 anos, do Quadro de Refer\u00eancia Europeu de Garantia da Qualidade para a Educa\u00e7\u00e3o e Forma\u00e7\u00e3o Profissionais (EQAVET)<\/h5>\n<\/div>\n<\/div>\n<div class=\"elementor-element elementor-element-5ecf4628 elementor-widget elementor-widget-divider\" data-id=\"5ecf4628\" data-element_type=\"widget\" data-widget_type=\"divider.default\">\n<div class=\"elementor-widget-container\">\n<div class=\"elementor-divider\"><\/div>\n<\/div>\n<\/div>\n<div class=\"elementor-element elementor-element-8748c7d elementor-widget elementor-widget-text-editor\" data-id=\"8748c7d\" data-element_type=\"widget\" data-widget_type=\"text-editor.default\">\n<div class=\"elementor-widget-container\">\n<div class=\"elementor-text-editor elementor-clearfix\">\n<p>Desde 1 de junho de 2020 que a ESPRODOURO, obteve o selo EQAVET, indicando que os seus processos e procedimentos est\u00e3o alinhados com os requisitos do Quadro de Refer\u00eancia Europeu de Garantia da Qualidade para a Educa\u00e7\u00e3o e Forma\u00e7\u00e3o Profissionais. O selo obtido tem a validade de 3 anos e fomos considerados como alinhados com o EQAVET em estado avan\u00e7ado, o que nos enche de orgulho e orientados para o estado consolidado daqui a 3 anos.<\/p>\n<p>O Quadro de Refer\u00eancia Europeu de Garantia da Qualidade para a Educa\u00e7\u00e3o e Forma\u00e7\u00e3o Profissionais (Quadro EQAVET) foi concebido para melhorar o Ensino e Forma\u00e7\u00e3o Profissional (EFP) no espa\u00e7o europeu, colocando \u00e0 disposi\u00e7\u00e3o das autoridades e dos operadores ferramentas comuns para a gest\u00e3o da qualidade, promovendo a confian\u00e7a m\u00fatua, a mobilidade de trabalhadores e de formandos e a aprendizagem ao longo da vida. No futuro permitir\u00e1 a atribui\u00e7\u00e3o de cr\u00e9ditos ECVET &#8211; Sistema Europeu de Cr\u00e9ditos do Ensino e da Forma\u00e7\u00e3o Profissionais.<\/p>\n<p>O EQAVET \u00e9 um instrumento a adotar que permite documentar, desenvolver, monitorizar, avaliar e melhorar a efici\u00eancia da oferta de EFP e a qualidade das pr\u00e1ticas de gest\u00e3o, implicando processos de monitoriza\u00e7\u00e3o regulares, envolvendo mecanismos de avalia\u00e7\u00e3o interna e externa, relat\u00f3rios de progresso, estabelecendo crit\u00e9rios de qualidade e descritores indicativos que sustentam a monitoriza\u00e7\u00e3o e a produ\u00e7\u00e3o de relat\u00f3rios por parte dos sistemas e dos operadores de EFP, e evidenciando a import\u00e2ncia dos indicadores de qualidade que suportam a avalia\u00e7\u00e3o, monitoriza\u00e7\u00e3o e garantia da qualidade dos sistemas e dos operadores de EFP.<\/p>\n<\/div>\n<\/div>\n<\/div>\n<\/div>\n<\/div>\n<\/div>\n<\/div>\n<\/div>\n<\/section>\n<section class=\"elementor-element elementor-element-4187e434 elementor-section-stretched elementor-section-boxed elementor-section-height-default elementor-section-height-default elementor-section elementor-top-section\" data-id=\"4187e434\" data-element_type=\"section\" data-settings=\"{&quot;stretch_section&quot;:&quot;section-stretched&quot;,&quot;background_background&quot;:&quot;classic&quot;}\">\n<div class=\"elementor-container elementor-column-gap-default\">\n<div class=\"elementor-row\">\n<div class=\"elementor-element elementor-element-7f50bdea elementor-column elementor-col-100 elementor-top-column\" data-id=\"7f50bdea\" data-element_type=\"column\">\n<div class=\"elementor-column-wrap elementor-element-populated\">\n<div class=\"elementor-widget-wrap\">\n<div class=\"elementor-element elementor-element-4487f184 elementor-widget elementor-widget-heading\" data-id=\"4487f184\" data-element_type=\"widget\" data-widget_type=\"heading.default\">\n<div class=\"elementor-widget-container\">\n<h2 class=\"elementor-heading-title elementor-size-default\">O ciclo de qualidade do EQAVET a implementar inclui quatro fases interligadas:<\/h2>\n<\/div>\n<\/div>\n<div class=\"elementor-element elementor-element-6a91962 elementor-widget elementor-widget-text-editor\" data-id=\"6a91962\" data-element_type=\"widget\" data-widget_type=\"text-editor.default\">\n<div class=\"elementor-widget-container\">\n<div class=\"elementor-text-editor elementor-clearfix\">\n<ul>\n<li>Planear (definir metas e objetivos apropriados e mensur\u00e1veis);<\/li>\n<li>Implementar (estabelecer procedimentos que assegurem o cumprimento das metas e objetivos definidos);<\/li>\n<li>Apreciar e avaliar (desenvolver mecanismos de recolha e tratamento de dados que sustentem uma avalia\u00e7\u00e3o fundamentada dos resultados esperados);<\/li>\n<li>Ajustar (desenvolver procedimentos para atingir os resultados ainda n\u00e3o alcan\u00e7ados e\/ou estabelecer novos objetivos em fun\u00e7\u00e3o das evid\u00eancias geradas, de forma a garantir a introdu\u00e7\u00e3o das melhorias necess\u00e1rias).<\/li>\n<\/ul>\n<p>A Escola Profissional do Alto Douro est\u00e1 agora certificada neste sistema de garantia de qualidade, podendo ver <a href=\"https:\/\/esprodouro.com\/en\/eqavet\/\">AQUI toda a informa\u00e7\u00e3o<\/a>.<\/p>\n<p>Aqui temos Atitude com Felicidade&#8230; e QUALIDADE!<\/p>\n<\/div>\n<\/div>\n<\/div>\n<\/div>\n<\/div>\n<\/div>\n<\/div>\n<\/div>\n<\/section>","protected":false},"excerpt":{"rendered":"<p>ESPRODOURO obt\u00e9m selo, por 3 anos, do Quadro de Refer\u00eancia Europeu de Garantia da Qualidade para a Educa\u00e7\u00e3o e Forma\u00e7\u00e3o Profissionais (EQAVET) Desde 1 de junho de 2020 que a ESPRODOURO, obteve o selo EQAVET, indicando que os seus processos e procedimentos est\u00e3o alinhados com os requisitos do Quadro de Refer\u00eancia Europeu de Garantia da [&hellip;]<\/p>\n","protected":false},"author":4,"featured_media":6033,"comment_status":"open","ping_status":"open","sticky":false,"template":"","format":"standard","meta":{"slim_seo":{"title":"ESPRODOURO tem Selo EQAVET - ESPRODOURO","description":"ESPRODOURO obt\u00e9m selo, por 3 anos, do Quadro de Refer\u00eancia Europeu de Garantia da Qualidade para a Educa\u00e7\u00e3o e Forma\u00e7\u00e3o Profissionais (EQAVET) Desde 1 de junho d"},"footnotes":""},"categories":[97,96],"tags":[],"class_list":["post-6030","post","type-post","status-publish","format-standard","has-post-thumbnail","hentry","category-educacao","category-esprodouro"],"blocksy_meta":{"styles_descriptor":{"styles":{"desktop":"","tablet":"","mobile":""},"google_fonts":[],"version":6}},"_links":{"self":[{"href":"https:\/\/esprodouro.com\/en\/wp-json\/wp\/v2\/posts\/6030","targetHints":{"allow":["GET"]}}],"collection":[{"href":"https:\/\/esprodouro.com\/en\/wp-json\/wp\/v2\/posts"}],"about":[{"href":"https:\/\/esprodouro.com\/en\/wp-json\/wp\/v2\/types\/post"}],"author":[{"embeddable":true,"href":"https:\/\/esprodouro.com\/en\/wp-json\/wp\/v2\/users\/4"}],"replies":[{"embeddable":true,"href":"https:\/\/esprodouro.com\/en\/wp-json\/wp\/v2\/comments?post=6030"}],"version-history":[{"count":0,"href":"https:\/\/esprodouro.com\/en\/wp-json\/wp\/v2\/posts\/6030\/revisions"}],"wp:featuredmedia":[{"embeddable":true,"href":"https:\/\/esprodouro.com\/en\/wp-json\/wp\/v2\/media\/6033"}],"wp:attachment":[{"href":"https:\/\/esprodouro.com\/en\/wp-json\/wp\/v2\/media?parent=6030"}],"wp:term":[{"taxonomy":"category","embeddable":true,"href":"https:\/\/esprodouro.com\/en\/wp-json\/wp\/v2\/categories?post=6030"},{"taxonomy":"post_tag","embeddable":true,"href":"https:\/\/esprodouro.com\/en\/wp-json\/wp\/v2\/tags?post=6030"}],"curies":[{"name":"wp","href":"https:\/\/api.w.org\/{rel}","templated":true}]}}