{"id":6668,"date":"2021-04-22T17:18:41","date_gmt":"2021-04-22T17:18:41","guid":{"rendered":"https:\/\/esprodouro.com\/?p=6668"},"modified":"2021-06-22T11:16:36","modified_gmt":"2021-06-22T11:16:36","slug":"nova-oferta-formativa-2021-2022","status":"publish","type":"post","link":"https:\/\/esprodouro.com\/en\/nova-oferta-formativa-2021-2022\/","title":{"rendered":"Nova Oferta formativa 2021.2022"},"content":{"rendered":"<p><span style=\"color: inherit; font-size: 1em; font-weight: 600; font-family: -apple-system, BlinkMacSystemFont, 'Segoe UI', Roboto, Oxygen-Sans, Ubuntu, Cantarell, 'Helvetica Neue', sans-serif;\"><strong>A<\/strong> ESPRODOURO apresenta a sua nova oferta formativa para o ano letivo 2021.<\/span><\/p>\n<section class=\"elementor-element elementor-element-6a95b379 elementor-section-boxed elementor-section-height-default elementor-section-height-default elementor-section elementor-top-section\" data-id=\"6a95b379\" data-element_type=\"section\">\n<div class=\"elementor-container elementor-column-gap-default\">\n<div class=\"elementor-row\">\n<div class=\"elementor-element elementor-element-7a099d46 elementor-column elementor-col-100 elementor-top-column\" data-id=\"7a099d46\" data-element_type=\"column\">\n<div class=\"elementor-column-wrap elementor-element-populated\">\n<div class=\"elementor-widget-wrap\">\n<div class=\"elementor-element elementor-element-8748c7d elementor-widget elementor-widget-text-editor\" data-id=\"8748c7d\" data-element_type=\"widget\" data-widget_type=\"text-editor.default\">\n<div class=\"elementor-widget-container\">\n<div class=\"elementor-text-editor elementor-clearfix\">\n<p>O ano de 2020 trouxe grandes mudan\u00e7as sociais, econ\u00f3micas e educativas, por isso, e como n\u00e3o podia deixar de ser estivemos atentos e preparamos um ano letivo ajustado aos novos desafios.<\/p>\n<p>Em 2021\/2022 a ESPRODOURO visa consolidar a sua \u201cAtitude com Felicidade\u201d. Consolidando novas ideias, projetos e atividades, com novos e refor\u00e7ados conte\u00fados, pr\u00e1ticas pedag\u00f3gicas, e parcerias cada vez mais amplas a n\u00edvel nacional e internacional. Desenhamos uma nova experi\u00eancia formativa, o curso &#8220;<span class=\"JsGRdQ\">T\u00e9cnico de Auxiliar em Sa\u00fade&#8221;.<\/span><\/p>\n<p><strong>Aceitamos alunos de todo o pa\u00eds e garantimos alojamento, alimenta\u00e7\u00e3o e computador para estudo.&nbsp;<\/strong><\/p>\n<p><span class=\"JsGRdQ\">Os cursos profissionais dispon\u00edveis para o pr\u00f3ximo ano letivo 2021\/2022 s\u00e3o:<\/span><\/p>\n<ul>\n<li><span class=\"JsGRdQ\">T\u00e9cnico de Eletr\u00f3nica, Automa\u00e7\u00e3o e Computadores (10\u00baano)<\/span><\/li>\n<li><span class=\"JsGRdQ\">T\u00e9cnico de Auxiliar em Sa\u00fade (10\u00baano) &#8211; <strong>NOVO<\/strong><\/span><\/li>\n<li class=\"_04xlpA direction-ltr align-start para-style-body\"><span class=\"JsGRdQ\">T\u00e9cnico de Viticultura (10\u00baano)<\/span><\/li>\n<li class=\"_04xlpA direction-ltr align-start para-style-body\"><span class=\"JsGRdQ\">T\u00e9cnico de Cozinha\/Pastelaria (10\u00baano)<\/span><\/li>\n<li class=\"_04xlpA direction-ltr align-start para-style-body\"><span class=\"JsGRdQ\">T\u00e9cnico de Comunica\u00e7\u00e3o e Servi\u00e7o Digital (10\u00baano)<\/span><\/li>\n<li class=\"_04xlpA direction-ltr align-start para-style-body\"><span class=\"JsGRdQ\">Operador Inform\u00e1tico (9\u00baano)<\/span><\/li>\n<\/ul>\n<\/div>\n<\/div>\n<\/div>\n<\/div>\n<\/div>\n<\/div>\n<\/div>\n<\/div>\n<\/section>\n<section class=\"elementor-element elementor-element-4187e434 elementor-section-stretched elementor-section-boxed elementor-section-height-default elementor-section-height-default elementor-section elementor-top-section\" data-id=\"4187e434\" data-element_type=\"section\" data-settings=\"{&quot;stretch_section&quot;:&quot;section-stretched&quot;,&quot;background_background&quot;:&quot;classic&quot;}\">\n<div class=\"elementor-container elementor-column-gap-default\">\n<div class=\"elementor-row\">\n<div class=\"elementor-element elementor-element-7f50bdea elementor-column elementor-col-100 elementor-top-column\" data-id=\"7f50bdea\" data-element_type=\"column\">\n<div class=\"elementor-column-wrap elementor-element-populated\">\n<div class=\"elementor-widget-wrap\">\n<div class=\"elementor-element elementor-element-6a91962 elementor-widget elementor-widget-text-editor\" data-id=\"6a91962\" data-element_type=\"widget\" data-widget_type=\"text-editor.default\">\n<div class=\"elementor-widget-container\">\n<div class=\"elementor-text-editor elementor-clearfix\">\n<p>Poder\u00e1 ainda descobrir os <strong>percursos<\/strong> para <strong>adultos<\/strong> atrav\u00e9s do <strong>Centro<\/strong> <strong>Qualifica<\/strong>, e das suas ofertas.<\/p>\n<p>A Escola Profissional do Alto Douro \u00e9 desde 2020 certificada pelo EQAVET.<\/p>\n<p><strong>Aqui temos Atitude com Felicidade&#8230; e QUALIDADE!<\/strong><\/p>\n<\/div>\n<\/div>\n<\/div>\n<\/div>\n<\/div>\n<\/div>\n<\/div>\n<\/div>\n<\/section>","protected":false},"excerpt":{"rendered":"<p>A ESPRODOURO apresenta a sua nova oferta formativa para o ano letivo 2021. O ano de 2020 trouxe grandes mudan\u00e7as sociais, econ\u00f3micas e educativas, por isso, e como n\u00e3o podia deixar de ser estivemos atentos e preparamos um ano letivo ajustado aos novos desafios. Em 2021\/2022 a ESPRODOURO visa consolidar a sua \u201cAtitude com Felicidade\u201d. [&hellip;]<\/p>\n","protected":false},"author":61,"featured_media":8175,"comment_status":"open","ping_status":"open","sticky":false,"template":"","format":"standard","meta":{"slim_seo":{"title":"Nova Oferta formativa 2021.2022 - ESPRODOURO","description":"A ESPRODOURO apresenta a sua nova oferta formativa para o ano letivo 2021. O ano de 2020 trouxe grandes mudan\u00e7as sociais, econ\u00f3micas e educativas, por isso, e c"},"footnotes":""},"categories":[97,96],"tags":[],"class_list":["post-6668","post","type-post","status-publish","format-standard","has-post-thumbnail","hentry","category-educacao","category-esprodouro"],"blocksy_meta":{"styles_descriptor":{"styles":{"desktop":"","tablet":"","mobile":""},"google_fonts":[],"version":6}},"_links":{"self":[{"href":"https:\/\/esprodouro.com\/en\/wp-json\/wp\/v2\/posts\/6668","targetHints":{"allow":["GET"]}}],"collection":[{"href":"https:\/\/esprodouro.com\/en\/wp-json\/wp\/v2\/posts"}],"about":[{"href":"https:\/\/esprodouro.com\/en\/wp-json\/wp\/v2\/types\/post"}],"author":[{"embeddable":true,"href":"https:\/\/esprodouro.com\/en\/wp-json\/wp\/v2\/users\/61"}],"replies":[{"embeddable":true,"href":"https:\/\/esprodouro.com\/en\/wp-json\/wp\/v2\/comments?post=6668"}],"version-history":[{"count":0,"href":"https:\/\/esprodouro.com\/en\/wp-json\/wp\/v2\/posts\/6668\/revisions"}],"wp:featuredmedia":[{"embeddable":true,"href":"https:\/\/esprodouro.com\/en\/wp-json\/wp\/v2\/media\/8175"}],"wp:attachment":[{"href":"https:\/\/esprodouro.com\/en\/wp-json\/wp\/v2\/media?parent=6668"}],"wp:term":[{"taxonomy":"category","embeddable":true,"href":"https:\/\/esprodouro.com\/en\/wp-json\/wp\/v2\/categories?post=6668"},{"taxonomy":"post_tag","embeddable":true,"href":"https:\/\/esprodouro.com\/en\/wp-json\/wp\/v2\/tags?post=6668"}],"curies":[{"name":"wp","href":"https:\/\/api.w.org\/{rel}","templated":true}]}}