{"id":680,"date":"2019-08-22T09:53:29","date_gmt":"2019-08-22T09:53:29","guid":{"rendered":"https:\/\/esprodouro.com\/\/?p=680"},"modified":"2020-04-22T14:25:35","modified_gmt":"2020-04-22T14:25:35","slug":"legislacao","status":"publish","type":"post","link":"https:\/\/esprodouro.com\/en\/legislacao\/","title":{"rendered":"LEGISLA\u00c7\u00c3O"},"content":{"rendered":"<p>Aqui fica alguma legisla\u00e7\u00e3o importante que disponibiliz\u00e1mos no \u00e2mbito da pol\u00edtica de transpar\u00eancia da nossa escola:<\/p>\n\n\n\n<ul class=\"wp-block-list\"><li><a href=\"https:\/\/data.dre.pt\/eli\/lei\/58\/2019\/08\/08\/p\/dre\">Lei n.\u00ba 58\/2019<\/a> &#8211; Lei da Prote\u00e7\u00e3o de Dados<\/li><li><a href=\"https:\/\/dre.pt\/home\/-\/dre\/123962165\/details\/maximized\">Despacho n.\u00ba 7247\/2019 <\/a>&#8211; Estabelece as medidas administrativas para implementa\u00e7\u00e3o do previsto no n.\u00ba 1 do artigo 12.\u00ba da Lei n.\u00ba 38\/2018, de 7 de agosto<\/li><li><a href=\"http:\/\/data.dre.pt\/eli\/dec-lei\/54\/2018\/07\/06\/p\/dre\/pt\/html\">Decreto de Lei n.\u00ba 54\/2018 de 6 de julho<\/a> &#8211; Estabelece o regime jur\u00eddico da educa\u00e7\u00e3o inclusiva<\/li><li><a href=\"http:\/\/data.dre.pt\/eli\/dec-lei\/55\/2018\/07\/06\/p\/dre\/pt\/html\">Decreto de Lei .\u00ba 55\/2018 de 6 de julho<\/a> &#8211; Estabelece o curr\u00edculo dos ensinos b\u00e1sico e secund\u00e1rio e os princ\u00edpios orientadores da avalia\u00e7\u00e3o das aprendizagens<\/li><li><a href=\"http:\/\/data.dre.pt\/eli\/port\/235-a\/2018\/08\/23\/p\/dre\/pt\/html\">Portaria n.\u00ba 235-A\/2018 de 23 de agosto<\/a> &#8211; Procede \u00e0 regulamenta\u00e7\u00e3o dos cursos profissionais a que se referem as al\u00edneas a) do n.\u00ba 1 do artigo 9.\u00ba do\u00a0<a rel=\"noreferrer noopener\" href=\"https:\/\/dre.pt\/web\/guest\/pesquisa\/-\/search\/628017\/details\/normal?l=1\" target=\"_blank\">Decreto-Lei n.\u00ba 396\/2007<\/a>, de 31 de dezembro, na sua reda\u00e7\u00e3o atual, e b) do n.\u00ba 4 do artigo 7.\u00ba do\u00a0<a rel=\"noreferrer noopener\" href=\"https:\/\/dre.pt\/web\/guest\/pesquisa\/-\/search\/115652962\/details\/normal?l=1\" target=\"_blank\">Decreto-Lei n.\u00ba 55\/2018<\/a>, de 6 de julho<\/li><li><a href=\"https:\/\/data.dre.pt\/eli\/lei\/38\/2018\/08\/07\/p\/dre\/pt\/html\">Lei n.\u00ba 38\/2018 &#8211; <\/a>Direito \u00e0 autodetermina\u00e7\u00e3o da identidade de g\u00e9nero e express\u00e3o de g\u00e9nero e \u00e0 prote\u00e7\u00e3o das caracter\u00edsticas sexuais de cada pessoa<\/li><li><a href=\"https:\/\/data.dre.pt\/eli\/dec-lei\/92\/2014\/06\/20\/p\/dre\/pt\/html\">Decreto-Lei n.\u00ba 92\/2014<\/a> &#8211; Estabelece o regime jur\u00eddico das escolas profissionais privadas e p\u00fablicas<\/li><li><a href=\"https:\/\/dge.mec.pt\/sites\/default\/files\/Curriculo\/Projeto_Autonomia_e_Flexibilidade\/perfil_dos_alunos.pdf\">Perfil dos Alunos \u00e0 Sa\u00edda da Escolaridade Obrigat\u00f3ria<\/a><\/li><li><a href=\"http:\/\/www.dge.mec.pt\/sites\/default\/files\/Projetos_Curriculares\/Aprendizagens_Essenciais\/estrategia_cidadania_original.pdf\">Estrat\u00e9gia Nacional de Educa\u00e7\u00e3o para a Cidadania<\/a><\/li><li><a href=\"https:\/\/dre.pt\/web\/guest\/pesquisa\/-\/search\/222418\/details\/normal?p_p_auth=w6D0qG0T\">Decreto de Lei n.\u00ba 46\/86 de 14 de Outubro &#8211; Lei de Bases do Sistema Educativo<\/a>*<\/li><li><a href=\"http:\/\/data.dre.pt\/eli\/lei\/51\/2012\/09\/05\/p\/dre\/pt\/html\">Decreto de Lei n.\u00ba 51\/2012 de 5 de setembro &#8211; Estatuto do Aluno e \u00c9tica Escolar<\/a><\/li><li><a href=\"http:\/\/data.dre.pt\/eli\/dec-lei\/152\/2013\/11\/04\/p\/dre\/pt\/html\">Decreto de Lei n\u00ba 152\/2013 de 4 de novembro &#8211;\u00a0 Estatuto do Ensino Particular e Cooperativo<\/a><\/li><li><a href=\"https:\/\/data.dre.pt\/eli\/lei\/7\/2009\/p\/cons\/20180319\/pt\/html\">Decreto de Lei n.\u00ba 7\/2009 de 12 de fevereiro<\/a> &#8211; <a href=\"http:\/\/cite.gov.pt\/asstscite\/downloads\/legislacao\/CT20032018.pdf\">C\u00f3digo de Trabalho &#8211; Vers\u00e3o de 20 de mar\u00e7o de 2018<\/a>\u00a0<\/li><li><a href=\"http:\/\/bte.gep.msess.gov.pt\/completos\/2017\/bte31_2017.pdf\">Boletim do Trabalho e Emprego, n.\u00ba 31, 22\/8\/2017 &#8211; Contrato coletivo entre a Confedera\u00e7\u00e3o Nacional da Educa\u00e7\u00e3o e Forma\u00e7\u00e3o (CNEF) e a FNE &#8211; Federa\u00e7\u00e3o Nacional da Educa\u00e7\u00e3o e outros<\/a> (quando aplic\u00e1vel)<\/li><li><a href=\"http:\/\/data.dre.pt\/eli\/lei\/109\/2009\/09\/15\/p\/dre\/pt\/html\">Decreto de Lei n.\u00ba 109\/2009 de 15 de setembro<\/a>; &#8211; Lei do Cibercrime<\/li><li><a href=\"http:\/\/data.dre.pt\/eli\/lei\/51\/2012\/09\/05\/p\/dre\/pt\/html\">Decreto de Lei n.\u00ba 51\/2012 de 5 de setembro<\/a> &#8211; Estatuto do Aluno e \u00c9tica Escolar <\/li><\/ul>\n\n\n\n<p>Existe mais legisla\u00e7\u00e3o e a presente publica\u00e7\u00e3o n\u00e3o garante que as vers\u00f5es legislativas sejam as \u00faltimas, n\u00e3o dispensando a mesma a consulta dos mecanismos oficiais.<\/p>\n\n\n\n<p>*A <a href=\"http:\/\/www.cnedu.pt\/content\/noticias\/CNE\/Lei_de_Bases_86.pdf\">Lei de Bases do Sistema Educativo Portugu\u00eas<\/a> foi aprovada a 14 de outubro de 1986, tendo sido alterada posteriormente em <a href=\"http:\/\/www.cnedu.pt\/content\/noticias\/CNE\/Lei_de_Bases_97.pdf\">1997<\/a>, <a href=\"http:\/\/www.cnedu.pt\/content\/noticias\/CNE\/Lei_de_Bases_2005.pdf\">2005<\/a>, <a href=\"http:\/\/www.cnedu.pt\/content\/noticias\/CNE\/Lei_de_Bases_2009.pdf\">2009<\/a> e <a href=\"http:\/\/www.cnedu.pt\/content\/noticias\/CNE\/Lei_de_Bases_2015.pdf\">2015<\/a>.&nbsp;<\/p>\n\n\n\n<p><\/p>","protected":false},"excerpt":{"rendered":"<p>Aqui fica alguma legisla\u00e7\u00e3o importante que disponibiliz\u00e1mos no \u00e2mbito da pol\u00edtica de transpar\u00eancia da nossa escola: Lei n.\u00ba 58\/2019 &#8211; Lei da Prote\u00e7\u00e3o de Dados Despacho n.\u00ba 7247\/2019 &#8211; Estabelece as medidas administrativas para implementa\u00e7\u00e3o do previsto no n.\u00ba 1 do artigo 12.\u00ba da Lei n.\u00ba 38\/2018, de 7 de agosto Decreto de Lei n.\u00ba [&hellip;]<\/p>\n","protected":false},"author":4,"featured_media":0,"comment_status":"open","ping_status":"open","sticky":false,"template":"","format":"standard","meta":{"slim_seo":{"title":"LEGISLA\u00c7\u00c3O - ESPRODOURO","description":"Aqui fica alguma legisla\u00e7\u00e3o importante que disponibiliz\u00e1mos no \u00e2mbito da pol\u00edtica de transpar\u00eancia da nossa escola: Existe mais legisla\u00e7\u00e3o e a presente publica\u00e7"},"footnotes":""},"categories":[96,1],"tags":[],"class_list":["post-680","post","type-post","status-publish","format-standard","hentry","category-esprodouro","category-geral"],"blocksy_meta":{"styles_descriptor":{"styles":{"desktop":"","tablet":"","mobile":""},"google_fonts":[],"version":6}},"_links":{"self":[{"href":"https:\/\/esprodouro.com\/en\/wp-json\/wp\/v2\/posts\/680","targetHints":{"allow":["GET"]}}],"collection":[{"href":"https:\/\/esprodouro.com\/en\/wp-json\/wp\/v2\/posts"}],"about":[{"href":"https:\/\/esprodouro.com\/en\/wp-json\/wp\/v2\/types\/post"}],"author":[{"embeddable":true,"href":"https:\/\/esprodouro.com\/en\/wp-json\/wp\/v2\/users\/4"}],"replies":[{"embeddable":true,"href":"https:\/\/esprodouro.com\/en\/wp-json\/wp\/v2\/comments?post=680"}],"version-history":[{"count":0,"href":"https:\/\/esprodouro.com\/en\/wp-json\/wp\/v2\/posts\/680\/revisions"}],"wp:attachment":[{"href":"https:\/\/esprodouro.com\/en\/wp-json\/wp\/v2\/media?parent=680"}],"wp:term":[{"taxonomy":"category","embeddable":true,"href":"https:\/\/esprodouro.com\/en\/wp-json\/wp\/v2\/categories?post=680"},{"taxonomy":"post_tag","embeddable":true,"href":"https:\/\/esprodouro.com\/en\/wp-json\/wp\/v2\/tags?post=680"}],"curies":[{"name":"wp","href":"https:\/\/api.w.org\/{rel}","templated":true}]}}