{"id":7427,"date":"2021-05-14T16:14:10","date_gmt":"2021-05-14T16:14:10","guid":{"rendered":"https:\/\/esprodouro.com\/?p=7427"},"modified":"2021-05-14T16:14:15","modified_gmt":"2021-05-14T16:14:15","slug":"como-e-ser-tecnico-de-comunicacao-e-servico-digital-em-portugal","status":"publish","type":"post","link":"https:\/\/esprodouro.com\/en\/como-e-ser-tecnico-de-comunicacao-e-servico-digital-em-portugal\/","title":{"rendered":"Como \u00e9 ser t\u00e9cnico de comunica\u00e7\u00e3o e servi\u00e7o digital em Portugal?"},"content":{"rendered":"<p>O T\u00e9cnico de Comunica\u00e7\u00e3o e Servi\u00e7o Digital \u00e9 um curso que tem vindo a registar uma grande procura nos \u00faltimos anos, especialmente para os amantes de fotografia, redes sociais, jornalismo, tratamento de imagem e comunica\u00e7\u00e3o, pois t\u00eam a oportunidade de aprender na pr\u00e1tica todos os conhecimentos e compet\u00eancias que os v\u00e3o permitir ser um profissional de sucesso.<\/p>\n\n\n\n<p>T\u00e9cnico de Comunica\u00e7\u00e3o e Servi\u00e7o Digital \u00e9 sem d\u00favida uma profiss\u00e3o atual e do futuro, especialmente ap\u00f3s o COVID-19 e o despertar das pessoas e das empresas para o mundo digital.<\/p>\n\n\n\n<p>Esta \u00e9 uma profiss\u00e3o que tem registado um elevado crescimento e reconhecimento ao longo dos \u00faltimos anos e por isso regista tamb\u00e9m um sal\u00e1rio m\u00e9dio mensal mais apelativo.<\/p>\n\n\n\n<p>Um profissional de Comunica\u00e7\u00e3o e Servi\u00e7o Social pode ter como fun\u00e7\u00f5es:<\/p>\n\n\n\n<ul class=\"wp-block-list\"><li>Criar Planos de Comunica\u00e7\u00e3o ao n\u00edvel dos Social Media;<\/li><li>Gest\u00e3o de conte\u00fados para as Redes Sociais;<\/li><li>Cria\u00e7\u00e3o e edi\u00e7\u00e3o de Conte\u00fados para a Web;<\/li><li>Desenvolvimento de&nbsp;<em>Landing Pages<\/em>;<\/li><li>Apoio na Venda de Produtos Online;<\/li><li>Gest\u00e3o de pedidos de clientes relativamente a produtos ou servi\u00e7os atrav\u00e9s de recursos digitais;<\/li><\/ul>\n\n\n\n<p>Dentro desta profiss\u00e3o h\u00e1 v\u00e1rias \u00e1reas onde podem atuar, entre elas est\u00e3o a r\u00e1dio; televis\u00e3o; call center e empresas de consultoria, podendo este profissional desemprenhar diferentes fun\u00e7\u00f5es: Consultor de Marketing Digital; Digital Markteer; Gestor de conte\u00fados digitais; Gestor de Redes Sociais; T\u00e9cnico de Comunica\u00e7\u00e3o Digital, entre outras.<\/p>","protected":false},"excerpt":{"rendered":"<p>O T\u00e9cnico de Comunica\u00e7\u00e3o e Servi\u00e7o Digital \u00e9 um curso que tem vindo a registar uma grande procura nos \u00faltimos anos, especialmente para os amantes de fotografia, redes sociais, jornalismo, tratamento de imagem e comunica\u00e7\u00e3o, pois t\u00eam a oportunidade de aprender na pr\u00e1tica todos os conhecimentos e compet\u00eancias que os v\u00e3o permitir ser um profissional [&hellip;]<\/p>\n","protected":false},"author":61,"featured_media":7428,"comment_status":"open","ping_status":"open","sticky":false,"template":"","format":"standard","meta":{"slim_seo":{"title":"Como \u00e9 ser t\u00e9cnico de comunica\u00e7\u00e3o e servi\u00e7o digital em Portugal? - ESPRODOURO","description":"O T\u00e9cnico de Comunica\u00e7\u00e3o e Servi\u00e7o Digital \u00e9 um curso que tem vindo a registar uma grande procura nos \u00faltimos anos, especialmente para os amantes de fotografia,"},"footnotes":""},"categories":[1],"tags":[],"class_list":["post-7427","post","type-post","status-publish","format-standard","has-post-thumbnail","hentry","category-geral"],"blocksy_meta":{"styles_descriptor":{"styles":{"desktop":"","tablet":"","mobile":""},"google_fonts":[],"version":6}},"_links":{"self":[{"href":"https:\/\/esprodouro.com\/en\/wp-json\/wp\/v2\/posts\/7427","targetHints":{"allow":["GET"]}}],"collection":[{"href":"https:\/\/esprodouro.com\/en\/wp-json\/wp\/v2\/posts"}],"about":[{"href":"https:\/\/esprodouro.com\/en\/wp-json\/wp\/v2\/types\/post"}],"author":[{"embeddable":true,"href":"https:\/\/esprodouro.com\/en\/wp-json\/wp\/v2\/users\/61"}],"replies":[{"embeddable":true,"href":"https:\/\/esprodouro.com\/en\/wp-json\/wp\/v2\/comments?post=7427"}],"version-history":[{"count":0,"href":"https:\/\/esprodouro.com\/en\/wp-json\/wp\/v2\/posts\/7427\/revisions"}],"wp:featuredmedia":[{"embeddable":true,"href":"https:\/\/esprodouro.com\/en\/wp-json\/wp\/v2\/media\/7428"}],"wp:attachment":[{"href":"https:\/\/esprodouro.com\/en\/wp-json\/wp\/v2\/media?parent=7427"}],"wp:term":[{"taxonomy":"category","embeddable":true,"href":"https:\/\/esprodouro.com\/en\/wp-json\/wp\/v2\/categories?post=7427"},{"taxonomy":"post_tag","embeddable":true,"href":"https:\/\/esprodouro.com\/en\/wp-json\/wp\/v2\/tags?post=7427"}],"curies":[{"name":"wp","href":"https:\/\/api.w.org\/{rel}","templated":true}]}}