{"id":8046,"date":"2021-06-09T10:05:49","date_gmt":"2021-06-09T10:05:49","guid":{"rendered":"https:\/\/esprodouro.com\/?p=8046"},"modified":"2024-08-12T10:19:33","modified_gmt":"2024-08-12T10:19:33","slug":"esprodouro-e-noticia","status":"publish","type":"post","link":"https:\/\/esprodouro.com\/en\/esprodouro-e-noticia\/","title":{"rendered":"ESPRODOURO \u00e9 Not\u00edcia!"},"content":{"rendered":"<p>A ESPRODOURO foi no dia 7 de junho not\u00edcia no Di\u00e1rio de Viseu, com uma p\u00e1gina de destaque. <\/p>\n\n\n\n<p>A mudan\u00e7a de posicionamento, a oferta formativa, as nossas pr\u00e1ticas foram destaque neste artigo do jornal Di\u00e1rio de Viseu. <\/p>\n\n\n\n<figure class=\"wp-block-image size-large is-resized\"><img fetchpriority=\"high\" decoding=\"async\" src=\"https:\/\/esprodouro.com\/wp-content\/uploads\/2021\/06\/captura-de-ecra-2021-06-09-as-110257.webp\" alt=\"\" class=\"wp-image-8048\" width=\"590\" height=\"438\" srcset=\"https:\/\/esprodouro.com\/wp-content\/uploads\/2021\/06\/captura-de-ecra-2021-06-09-as-110257.webp 930w, https:\/\/esprodouro.com\/wp-content\/uploads\/2021\/06\/captura-de-ecra-2021-06-09-as-110257-300x223.webp 300w, https:\/\/esprodouro.com\/wp-content\/uploads\/2021\/06\/captura-de-ecra-2021-06-09-as-110257-768x571.webp 768w, https:\/\/esprodouro.com\/wp-content\/uploads\/2021\/06\/captura-de-ecra-2021-06-09-as-110257-16x12.webp 16w\" sizes=\"(max-width: 590px) 100vw, 590px\" \/><\/figure>\n\n\n\n<figure class=\"wp-block-image size-large is-resized\"><img decoding=\"async\" src=\"https:\/\/esprodouro.com\/wp-content\/uploads\/2021\/06\/captura-de-ecra-2021-06-09-as-110308.webp\" alt=\"\" class=\"wp-image-8049\" width=\"583\" height=\"326\" srcset=\"https:\/\/esprodouro.com\/wp-content\/uploads\/2021\/06\/captura-de-ecra-2021-06-09-as-110308.webp 912w, https:\/\/esprodouro.com\/wp-content\/uploads\/2021\/06\/captura-de-ecra-2021-06-09-as-110308-300x168.webp 300w, https:\/\/esprodouro.com\/wp-content\/uploads\/2021\/06\/captura-de-ecra-2021-06-09-as-110308-768x431.webp 768w, https:\/\/esprodouro.com\/wp-content\/uploads\/2021\/06\/captura-de-ecra-2021-06-09-as-110308-18x10.webp 18w\" sizes=\"(max-width: 583px) 100vw, 583px\" \/><\/figure>","protected":false},"excerpt":{"rendered":"<p>A ESPRODOURO foi no dia 7 de junho not\u00edcia no Di\u00e1rio de Viseu, com uma p\u00e1gina de destaque. A mudan\u00e7a de posicionamento, a oferta formativa, as nossas pr\u00e1ticas foram destaque neste artigo do jornal Di\u00e1rio de Viseu.<\/p>","protected":false},"author":61,"featured_media":8047,"comment_status":"open","ping_status":"open","sticky":false,"template":"","format":"standard","meta":{"slim_seo":{"title":"ESPRODOURO \u00e9 Not\u00edcia! - ESPRODOURO","description":"A ESPRODOURO foi no dia 7 de junho not\u00edcia no Di\u00e1rio de Viseu, com uma p\u00e1gina de destaque. A mudan\u00e7a de posicionamento, a oferta formativa, as nossas pr\u00e1ticas f"},"footnotes":""},"categories":[1],"tags":[],"class_list":["post-8046","post","type-post","status-publish","format-standard","has-post-thumbnail","hentry","category-geral"],"blocksy_meta":{"styles_descriptor":{"styles":{"desktop":"","tablet":"","mobile":""},"google_fonts":[],"version":6}},"_links":{"self":[{"href":"https:\/\/esprodouro.com\/en\/wp-json\/wp\/v2\/posts\/8046","targetHints":{"allow":["GET"]}}],"collection":[{"href":"https:\/\/esprodouro.com\/en\/wp-json\/wp\/v2\/posts"}],"about":[{"href":"https:\/\/esprodouro.com\/en\/wp-json\/wp\/v2\/types\/post"}],"author":[{"embeddable":true,"href":"https:\/\/esprodouro.com\/en\/wp-json\/wp\/v2\/users\/61"}],"replies":[{"embeddable":true,"href":"https:\/\/esprodouro.com\/en\/wp-json\/wp\/v2\/comments?post=8046"}],"version-history":[{"count":0,"href":"https:\/\/esprodouro.com\/en\/wp-json\/wp\/v2\/posts\/8046\/revisions"}],"wp:featuredmedia":[{"embeddable":true,"href":"https:\/\/esprodouro.com\/en\/wp-json\/wp\/v2\/media\/8047"}],"wp:attachment":[{"href":"https:\/\/esprodouro.com\/en\/wp-json\/wp\/v2\/media?parent=8046"}],"wp:term":[{"taxonomy":"category","embeddable":true,"href":"https:\/\/esprodouro.com\/en\/wp-json\/wp\/v2\/categories?post=8046"},{"taxonomy":"post_tag","embeddable":true,"href":"https:\/\/esprodouro.com\/en\/wp-json\/wp\/v2\/tags?post=8046"}],"curies":[{"name":"wp","href":"https:\/\/api.w.org\/{rel}","templated":true}]}}