{"id":8051,"date":"2021-06-09T11:05:37","date_gmt":"2021-06-09T11:05:37","guid":{"rendered":"https:\/\/esprodouro.com\/?p=8051"},"modified":"2021-06-22T11:05:46","modified_gmt":"2021-06-22T11:05:46","slug":"alunos-internacionais-na-esprodouro","status":"publish","type":"post","link":"https:\/\/esprodouro.com\/en\/alunos-internacionais-na-esprodouro\/","title":{"rendered":"Alunos Internacionais na ESPRODOURO"},"content":{"rendered":"<p>A Escola Profissional do Alto Douro \u2013 ESPRODOURO \u2013 considerando o seu Projeto Educativo 2020-2030 e uma das suas Linhas de A\u00e7\u00e3o Estrat\u00e9gica iniciou o seu processo de internacionaliza\u00e7\u00e3o para trazer cinquenta alunos internacionais no pr\u00f3ximo ano letivo 2021\/2022, para S\u00e3o Jo\u00e3o da Pesqueira.<\/p>\n\n\n\n<p>Para Fernando Rodrigues, diretor pedag\u00f3gico da ESPRODOURO, \u201cEste processo de internacionaliza\u00e7\u00e3o \u00e9 uma prova de que a nossa escola \u00e9 atrativa, din\u00e2mica e orientada para o mundo\u201d, ainda nas palavras do diretor \u201cA vinda destes alunos \u00e9 ainda um marco e um fomento para o dinamismo da regi\u00e3o e da promo\u00e7\u00e3o do territ\u00f3rio\u201d.<\/p>\n\n\n\n<p>Os pa\u00edses como Brasil, Cabo Verde e ainda S\u00e3o Tom\u00e9 e Pr\u00edncipe t\u00eam sido neste projeto de internacionaliza\u00e7\u00e3o os principais parceiros para essa mobilidade de alunos. Segundo Fernando Rodrigues, diretor pedag\u00f3gico da ESPRODOURO \u201cinternamente, criamos uma equipa com professores para agilizar uma netwroking de parceiros institucionais nos v\u00e1rios pa\u00edses, e assim estabelecer esse contacto e acompanhamento\u201d.<\/p>\n\n\n\n<p>Os alunos esperados podem optar por ingressar nos cursos profissionais que a escola oferece, desde T\u00e9cnico de Cozinha\/Pastelaria, T\u00e9cnico de Auxiliar de Sa\u00fade, T\u00e9cnico Vitivin\u00edcola, T\u00e9cnico de Eletr\u00f3nica, Automa\u00e7\u00e3o e Computadores, T\u00e9cnico de Comunica\u00e7\u00e3o e Servi\u00e7o Digital para realizarem o percurso do ensino secund\u00e1rio.<\/p>\n\n\n\n<p>A ESPRODOURO p\u00f4s em marcha um processo completo de apoio ao aluno internacional, com uma rigorosa sele\u00e7\u00e3o de candidatos (onde os resultados escolares do \u00faltimo ano s\u00e3o vetor fundamental, entre outros), entrevistas online, apoio no processo burocr\u00e1tico e documental, bem como na log\u00edstica para a viagem e estadia.&nbsp; Existir\u00e1 um acompanhamento in loco refor\u00e7ado para esses alunos, assegurando alojamento e alimenta\u00e7\u00e3o para o per\u00edodo letivo.<\/p>\n\n\n\n<p>\u201cOs candidatos t\u00eam demonstrado muita motiva\u00e7\u00e3o e desejo de virem para a ESPRODOURO, conhecer a regi\u00e3o e seguir \u00e1reas profissionais que nem sempre est\u00e3o ao alcance nos seus pa\u00edses de origem\u201d, como indica S\u00edlvia Varela, uma das professoras envolvidas no processo.<\/p>\n\n\n\n<p>Estes alunos, tal como todos os alunos da escola poder\u00e3o usufruir de v\u00e1rios benef\u00edcios, percurso escolar gratuito com 70% de aulas pr\u00e1ticas, experi\u00eancias em empresas da regi\u00e3o e internacionalmente, uso do Google Workspace e ainda fardas e alguns equipamentos para as aulas pr\u00e1ticas.<\/p>","protected":false},"excerpt":{"rendered":"<p>A Escola Profissional do Alto Douro \u2013 ESPRODOURO \u2013 considerando o seu Projeto Educativo 2020-2030 e uma das suas Linhas de A\u00e7\u00e3o Estrat\u00e9gica iniciou o seu processo de internacionaliza\u00e7\u00e3o para trazer cinquenta alunos internacionais no pr\u00f3ximo ano letivo 2021\/2022, para S\u00e3o Jo\u00e3o da Pesqueira. Para Fernando Rodrigues, diretor pedag\u00f3gico da ESPRODOURO, \u201cEste processo de internacionaliza\u00e7\u00e3o [&hellip;]<\/p>\n","protected":false},"author":61,"featured_media":8168,"comment_status":"open","ping_status":"open","sticky":false,"template":"","format":"standard","meta":{"slim_seo":{"title":"Alunos Internacionais na ESPRODOURO - ESPRODOURO","description":"A Escola Profissional do Alto Douro \u2013 ESPRODOURO \u2013 considerando o seu Projeto Educativo 2020-2030 e uma das suas Linhas de A\u00e7\u00e3o Estrat\u00e9gica iniciou o seu proces"},"footnotes":""},"categories":[1],"tags":[],"class_list":["post-8051","post","type-post","status-publish","format-standard","has-post-thumbnail","hentry","category-geral"],"blocksy_meta":{"styles_descriptor":{"styles":{"desktop":"","tablet":"","mobile":""},"google_fonts":[],"version":6}},"_links":{"self":[{"href":"https:\/\/esprodouro.com\/en\/wp-json\/wp\/v2\/posts\/8051","targetHints":{"allow":["GET"]}}],"collection":[{"href":"https:\/\/esprodouro.com\/en\/wp-json\/wp\/v2\/posts"}],"about":[{"href":"https:\/\/esprodouro.com\/en\/wp-json\/wp\/v2\/types\/post"}],"author":[{"embeddable":true,"href":"https:\/\/esprodouro.com\/en\/wp-json\/wp\/v2\/users\/61"}],"replies":[{"embeddable":true,"href":"https:\/\/esprodouro.com\/en\/wp-json\/wp\/v2\/comments?post=8051"}],"version-history":[{"count":0,"href":"https:\/\/esprodouro.com\/en\/wp-json\/wp\/v2\/posts\/8051\/revisions"}],"wp:featuredmedia":[{"embeddable":true,"href":"https:\/\/esprodouro.com\/en\/wp-json\/wp\/v2\/media\/8168"}],"wp:attachment":[{"href":"https:\/\/esprodouro.com\/en\/wp-json\/wp\/v2\/media?parent=8051"}],"wp:term":[{"taxonomy":"category","embeddable":true,"href":"https:\/\/esprodouro.com\/en\/wp-json\/wp\/v2\/categories?post=8051"},{"taxonomy":"post_tag","embeddable":true,"href":"https:\/\/esprodouro.com\/en\/wp-json\/wp\/v2\/tags?post=8051"}],"curies":[{"name":"wp","href":"https:\/\/api.w.org\/{rel}","templated":true}]}}