{"id":8103,"date":"2021-06-17T16:02:39","date_gmt":"2021-06-17T16:02:39","guid":{"rendered":"https:\/\/esprodouro.com\/?p=8103"},"modified":"2024-08-12T10:23:05","modified_gmt":"2024-08-12T10:23:05","slug":"workshop-em-fotografia-na-esprodouro","status":"publish","type":"post","link":"https:\/\/esprodouro.com\/en\/workshop-em-fotografia-na-esprodouro\/","title":{"rendered":"Workshop &#8220;A Fotografia que nos Une&#8221; na ESPRODOURO"},"content":{"rendered":"<p>No dia 16 de junho decorreu no audit\u00f3rio da Biblioteca Municipal de S\u00e3o Jo\u00e3o da Pesqueira o Workshop &#8220;A Fotografia que nos Une&#8221;.<\/p>\n\n\n\n<p>Um evento totalmente organizado pelos alunos do curso de T\u00e9cnico de Comunica\u00e7\u00e3o e Servi\u00e7o Digital, que contou com um dos mentores do projeto I Love Douro e Roberto Ventura, com Nuno Silva e a Fotografia de Natureza, Nelson Almeida, Pedro Magalh\u00e3es, ou ainda o tema da fotografia em contexto aut\u00e1rquico. <\/p>\n\n\n\n<p>Nas palavras do Diretor Pedag\u00f3gico, Fernando Rodrigues, &#8220;Iniciativas como estas aproximam a comunidade escolar das iniciativas empresariais e das atividades do territ\u00f3rio, preparando os nossos alunos para os desafios do futuro&#8221;.<\/p>\n\n\n\n<p><a href=\"https:\/\/www.instagram.com\/explore\/tags\/orgulhoesprodouro\/\">#orgulhoesprodouro<\/a>&nbsp;<a href=\"https:\/\/www.instagram.com\/explore\/tags\/ilovedouro\/\">#ilovedouro<\/a>&nbsp;<a href=\"https:\/\/www.instagram.com\/explore\/tags\/esprodouro\/\">#esprodouro<\/a>&nbsp;<a href=\"https:\/\/www.instagram.com\/explore\/tags\/saojoaodapesqueira\/\">#saojoaodapesqueira<\/a><\/p>\n\n\n\n<figure class=\"wp-block-gallery columns-3 is-cropped wp-block-gallery-1 is-layout-flex wp-block-gallery-is-layout-flex\"><ul class=\"blocks-gallery-grid\"><li class=\"blocks-gallery-item\"><figure><img fetchpriority=\"high\" decoding=\"async\" width=\"549\" height=\"354\" src=\"https:\/\/esprodouro.com\/wp-content\/uploads\/2021\/06\/captura-de-ecra-2021-06-17-as-164159.webp\" alt=\"Captura de ecra\u0303 2021-06-17, a\u0300s 16.41.59\" data-id=\"8104\" data-full-url=\"https:\/\/esprodouro.com\/wp-content\/uploads\/2021\/06\/captura-de-ecra-2021-06-17-as-164159.webp\" data-link=\"https:\/\/esprodouro.com\/?attachment_id=8104\" class=\"wp-image-8104\" srcset=\"https:\/\/esprodouro.com\/wp-content\/uploads\/2021\/06\/captura-de-ecra-2021-06-17-as-164159.webp 549w, https:\/\/esprodouro.com\/wp-content\/uploads\/2021\/06\/captura-de-ecra-2021-06-17-as-164159-300x193.webp 300w, https:\/\/esprodouro.com\/wp-content\/uploads\/2021\/06\/captura-de-ecra-2021-06-17-as-164159-18x12.webp 18w\" sizes=\"(max-width: 549px) 100vw, 549px\" \/><\/figure><\/li><li class=\"blocks-gallery-item\"><figure><img decoding=\"async\" width=\"565\" height=\"371\" src=\"https:\/\/esprodouro.com\/wp-content\/uploads\/2021\/06\/captura-de-ecra-2021-06-17-as-163646.webp\" alt=\"Captura de ecra\u0303 2021-06-17, a\u0300s 16.36.46\" data-id=\"8108\" data-full-url=\"https:\/\/esprodouro.com\/wp-content\/uploads\/2021\/06\/captura-de-ecra-2021-06-17-as-163646.webp\" data-link=\"https:\/\/esprodouro.com\/?attachment_id=8108\" class=\"wp-image-8108\" srcset=\"https:\/\/esprodouro.com\/wp-content\/uploads\/2021\/06\/captura-de-ecra-2021-06-17-as-163646.webp 565w, https:\/\/esprodouro.com\/wp-content\/uploads\/2021\/06\/captura-de-ecra-2021-06-17-as-163646-300x197.webp 300w, https:\/\/esprodouro.com\/wp-content\/uploads\/2021\/06\/captura-de-ecra-2021-06-17-as-163646-18x12.webp 18w\" sizes=\"(max-width: 565px) 100vw, 565px\" \/><\/figure><\/li><li class=\"blocks-gallery-item\"><figure><img decoding=\"async\" width=\"501\" height=\"407\" src=\"https:\/\/esprodouro.com\/wp-content\/uploads\/2021\/06\/captura-de-ecra-2021-06-17-as-163634.webp\" alt=\"Captura de ecra\u0303 2021-06-17, a\u0300s 16.36.34\" data-id=\"8107\" data-full-url=\"https:\/\/esprodouro.com\/wp-content\/uploads\/2021\/06\/captura-de-ecra-2021-06-17-as-163634.webp\" data-link=\"https:\/\/esprodouro.com\/?attachment_id=8107\" class=\"wp-image-8107\" srcset=\"https:\/\/esprodouro.com\/wp-content\/uploads\/2021\/06\/captura-de-ecra-2021-06-17-as-163634.webp 501w, https:\/\/esprodouro.com\/wp-content\/uploads\/2021\/06\/captura-de-ecra-2021-06-17-as-163634-300x244.webp 300w, https:\/\/esprodouro.com\/wp-content\/uploads\/2021\/06\/captura-de-ecra-2021-06-17-as-163634-15x12.webp 15w\" sizes=\"(max-width: 501px) 100vw, 501px\" \/><\/figure><\/li><li class=\"blocks-gallery-item\"><figure><img loading=\"lazy\" decoding=\"async\" width=\"508\" height=\"314\" src=\"https:\/\/esprodouro.com\/wp-content\/uploads\/2021\/06\/captura-de-ecra-2021-06-17-as-164139.webp\" alt=\"Captura de ecra\u0303 2021-06-17, a\u0300s 16.41.39\" data-id=\"8106\" data-full-url=\"https:\/\/esprodouro.com\/wp-content\/uploads\/2021\/06\/captura-de-ecra-2021-06-17-as-164139.webp\" data-link=\"https:\/\/esprodouro.com\/?attachment_id=8106\" class=\"wp-image-8106\" srcset=\"https:\/\/esprodouro.com\/wp-content\/uploads\/2021\/06\/captura-de-ecra-2021-06-17-as-164139.webp 508w, https:\/\/esprodouro.com\/wp-content\/uploads\/2021\/06\/captura-de-ecra-2021-06-17-as-164139-300x185.webp 300w, https:\/\/esprodouro.com\/wp-content\/uploads\/2021\/06\/captura-de-ecra-2021-06-17-as-164139-18x12.webp 18w\" sizes=\"(max-width: 508px) 100vw, 508px\" \/><\/figure><\/li><li class=\"blocks-gallery-item\"><figure><img loading=\"lazy\" decoding=\"async\" width=\"474\" height=\"414\" src=\"https:\/\/esprodouro.com\/wp-content\/uploads\/2021\/06\/captura-de-ecra-2021-06-17-as-164147.webp\" alt=\"Captura de ecra\u0303 2021-06-17, a\u0300s 16.41.47\" data-id=\"8105\" data-full-url=\"https:\/\/esprodouro.com\/wp-content\/uploads\/2021\/06\/captura-de-ecra-2021-06-17-as-164147.webp\" data-link=\"https:\/\/esprodouro.com\/?attachment_id=8105\" class=\"wp-image-8105\" srcset=\"https:\/\/esprodouro.com\/wp-content\/uploads\/2021\/06\/captura-de-ecra-2021-06-17-as-164147.webp 474w, https:\/\/esprodouro.com\/wp-content\/uploads\/2021\/06\/captura-de-ecra-2021-06-17-as-164147-300x262.webp 300w, https:\/\/esprodouro.com\/wp-content\/uploads\/2021\/06\/captura-de-ecra-2021-06-17-as-164147-14x12.webp 14w\" sizes=\"(max-width: 474px) 100vw, 474px\" \/><\/figure><\/li><\/ul><\/figure>\n\n\n\n<div class=\"wp-block-group is-layout-flow wp-block-group-is-layout-flow\"><div class=\"wp-block-group__inner-container\"><\/div><\/div>","protected":false},"excerpt":{"rendered":"<p>No dia 16 de junho decorreu no audit\u00f3rio da Biblioteca Municipal de S\u00e3o Jo\u00e3o da Pesqueira o Workshop &#8220;A Fotografia que nos Une&#8221;. Um evento totalmente organizado pelos alunos do curso de T\u00e9cnico de Comunica\u00e7\u00e3o e Servi\u00e7o Digital, que contou com um dos mentores do projeto I Love Douro e Roberto Ventura, com Nuno Silva [&hellip;]<\/p>\n","protected":false},"author":61,"featured_media":8172,"comment_status":"open","ping_status":"open","sticky":false,"template":"","format":"standard","meta":{"slim_seo":{"title":"Workshop \"A Fotografia que nos Une\" na ESPRODOURO - ESPRODOURO","description":"No dia 16 de junho decorreu no audit\u00f3rio da Biblioteca Municipal de S\u00e3o Jo\u00e3o da Pesqueira o Workshop \"A Fotografia que nos Une\". Um evento totalmente organizado"},"footnotes":""},"categories":[1],"tags":[],"class_list":["post-8103","post","type-post","status-publish","format-standard","has-post-thumbnail","hentry","category-geral"],"blocksy_meta":{"styles_descriptor":{"styles":{"desktop":"","tablet":"","mobile":""},"google_fonts":[],"version":6}},"_links":{"self":[{"href":"https:\/\/esprodouro.com\/en\/wp-json\/wp\/v2\/posts\/8103","targetHints":{"allow":["GET"]}}],"collection":[{"href":"https:\/\/esprodouro.com\/en\/wp-json\/wp\/v2\/posts"}],"about":[{"href":"https:\/\/esprodouro.com\/en\/wp-json\/wp\/v2\/types\/post"}],"author":[{"embeddable":true,"href":"https:\/\/esprodouro.com\/en\/wp-json\/wp\/v2\/users\/61"}],"replies":[{"embeddable":true,"href":"https:\/\/esprodouro.com\/en\/wp-json\/wp\/v2\/comments?post=8103"}],"version-history":[{"count":0,"href":"https:\/\/esprodouro.com\/en\/wp-json\/wp\/v2\/posts\/8103\/revisions"}],"wp:featuredmedia":[{"embeddable":true,"href":"https:\/\/esprodouro.com\/en\/wp-json\/wp\/v2\/media\/8172"}],"wp:attachment":[{"href":"https:\/\/esprodouro.com\/en\/wp-json\/wp\/v2\/media?parent=8103"}],"wp:term":[{"taxonomy":"category","embeddable":true,"href":"https:\/\/esprodouro.com\/en\/wp-json\/wp\/v2\/categories?post=8103"},{"taxonomy":"post_tag","embeddable":true,"href":"https:\/\/esprodouro.com\/en\/wp-json\/wp\/v2\/tags?post=8103"}],"curies":[{"name":"wp","href":"https:\/\/api.w.org\/{rel}","templated":true}]}}