{"id":8262,"date":"2021-07-12T14:27:42","date_gmt":"2021-07-12T14:27:42","guid":{"rendered":"https:\/\/esprodouro.com\/?p=8262"},"modified":"2021-07-12T14:48:47","modified_gmt":"2021-07-12T14:48:47","slug":"esprodouro-aeva-e-iefp-cabo-verde","status":"publish","type":"post","link":"https:\/\/esprodouro.com\/en\/esprodouro-aeva-e-iefp-cabo-verde\/","title":{"rendered":"ESPRODOURO, AEVA e IEFP Cabo Verde"},"content":{"rendered":"<p>A ESPRODOURO, AEVA e IEFP Cabo Verde assinaram no dia 12 de julho um protocolo de coopera\u00e7\u00e3o internacional, promovendo a realiza\u00e7\u00e3o de projetos conjuntos, envolvendo alunos, professores, formadores e restante comunidade escolar. <\/p>\n\n\n\n<p>Assumindo que &#8220;Juntos em Desafios com Felicidade&#8221; tudo \u00e9 mais f\u00e1cil, e permite um futuro mais s\u00f3lido para todos, Paulo Santos, presidente do IEFP de Cabo Verde confirma que &#8220;Portugal e Cabo Verde sempre tiveram uma rela\u00e7\u00e3o especial, e \u00e9 fundamental expandir essa rela\u00e7\u00e3o no \u00e2mbito social e escolar. Ser\u00e1 benef\u00edcio para ambos os pa\u00edses&#8221;. <\/p>\n\n\n\n<p>A assinatura do protocolo entre AEVA, IEFP de Cabo Verde e ESPRODOURO, contou com a presen\u00e7a de Paulo Santos (IEFP Cabo Verde), Jorge Castro (AEVA) e Fernando Rodrigues (ESPRODOURO), com a forte mensagem de que \u00e9 uma parceria para e com jovens do futuro, e um refor\u00e7o na internacionaliza\u00e7\u00e3o da escola ESPRODOURO.<\/p>\n\n\n\n<figure class=\"wp-block-embed is-type-video is-provider-youtube wp-block-embed-youtube wp-embed-aspect-16-9 wp-has-aspect-ratio\"><div class=\"wp-block-embed__wrapper\">\nhttps:\/\/www.youtube.com\/watch?v=snBmNriCJ5M&#038;feature=youtu.be&#038;ab_channel=ESPRODOUROEscolaProfissionaldoAltoDouro\n<\/div><\/figure>\n\n\n\n<p><\/p>","protected":false},"excerpt":{"rendered":"<p>A ESPRODOURO, AEVA e IEFP Cabo Verde assinaram no dia 12 de julho um protocolo de coopera\u00e7\u00e3o internacional, promovendo a realiza\u00e7\u00e3o de projetos conjuntos, envolvendo alunos, professores, formadores e restante comunidade escolar. Assumindo que &#8220;Juntos em Desafios com Felicidade&#8221; tudo \u00e9 mais f\u00e1cil, e permite um futuro mais s\u00f3lido para todos, Paulo Santos, presidente do [&hellip;]<\/p>\n","protected":false},"author":61,"featured_media":8263,"comment_status":"open","ping_status":"open","sticky":false,"template":"","format":"standard","meta":{"slim_seo":{"title":"ESPRODOURO, AEVA e IEFP Cabo Verde - ESPRODOURO","description":"A ESPRODOURO, AEVA e IEFP Cabo Verde assinaram no dia 12 de julho um protocolo de coopera\u00e7\u00e3o internacional, promovendo a realiza\u00e7\u00e3o de projetos conjuntos, envol"},"footnotes":""},"categories":[1],"tags":[],"class_list":["post-8262","post","type-post","status-publish","format-standard","has-post-thumbnail","hentry","category-geral"],"blocksy_meta":{"styles_descriptor":{"styles":{"desktop":"","tablet":"","mobile":""},"google_fonts":[],"version":6}},"_links":{"self":[{"href":"https:\/\/esprodouro.com\/en\/wp-json\/wp\/v2\/posts\/8262","targetHints":{"allow":["GET"]}}],"collection":[{"href":"https:\/\/esprodouro.com\/en\/wp-json\/wp\/v2\/posts"}],"about":[{"href":"https:\/\/esprodouro.com\/en\/wp-json\/wp\/v2\/types\/post"}],"author":[{"embeddable":true,"href":"https:\/\/esprodouro.com\/en\/wp-json\/wp\/v2\/users\/61"}],"replies":[{"embeddable":true,"href":"https:\/\/esprodouro.com\/en\/wp-json\/wp\/v2\/comments?post=8262"}],"version-history":[{"count":0,"href":"https:\/\/esprodouro.com\/en\/wp-json\/wp\/v2\/posts\/8262\/revisions"}],"wp:featuredmedia":[{"embeddable":true,"href":"https:\/\/esprodouro.com\/en\/wp-json\/wp\/v2\/media\/8263"}],"wp:attachment":[{"href":"https:\/\/esprodouro.com\/en\/wp-json\/wp\/v2\/media?parent=8262"}],"wp:term":[{"taxonomy":"category","embeddable":true,"href":"https:\/\/esprodouro.com\/en\/wp-json\/wp\/v2\/categories?post=8262"},{"taxonomy":"post_tag","embeddable":true,"href":"https:\/\/esprodouro.com\/en\/wp-json\/wp\/v2\/tags?post=8262"}],"curies":[{"name":"wp","href":"https:\/\/api.w.org\/{rel}","templated":true}]}}