{"id":8322,"date":"2021-07-29T09:55:53","date_gmt":"2021-07-29T09:55:53","guid":{"rendered":"https:\/\/esprodouro.com\/?p=8322"},"modified":"2021-07-29T09:55:56","modified_gmt":"2021-07-29T09:55:56","slug":"conselho-pedagogico-na-escola-profissional-de-aveiro","status":"publish","type":"post","link":"https:\/\/esprodouro.com\/en\/conselho-pedagogico-na-escola-profissional-de-aveiro\/","title":{"rendered":"Conselho Pedag\u00f3gico na Escola Profissional de Aveiro"},"content":{"rendered":"<p>A equipa de professores da ESPRODOURO levou a cabo o seu \u00faltimo Conselho Pedag\u00f3gico do ano letivo 2020-21 na Escola Profissional de Aveiro. <\/p>\n\n\n\n<p>Este encontro fora da regi\u00e3o do Douro resulta da parceria e excelentes rela\u00e7\u00f5es com a Escola Profissional de Aveiro, que se tem assumido como parceira estrat\u00e9gica e pedag\u00f3gica na melhoria cont\u00ednua da ESPRODOURO.<\/p>\n\n\n\n<p>&#8220;Aprender \u00e9 uma obriga\u00e7\u00e3o, aprender com os melhores \u00e9 uma oportunidade \u00fanica e a n\u00e3o perder. Ao realizarmos o conselho pedag\u00f3gico aqui em Aveiro, conseguimos reflectir sobre as nossas atividades, dar a conhecer e ouvir onde e como podemos melhorar.&#8221;, afirma Fernando Rodrigues, diretor pedag\u00f3gico da escola. <\/p>\n\n\n\n<p>O dia ficou marcado pela aprova\u00e7\u00e3o do novo calend\u00e1rio letivo 21\/22, do novo regulamento interno e do balan\u00e7o de 20\/21 com sugest\u00f5es de melhoria. <\/p>\n\n\n\n<p>Foi ainda dia de forma\u00e7\u00e3o com Paulo Quina, Coordenador T\u00e9cnico e Pedag\u00f3gico da Escola Profissional de Aveiro, que partilhou boas pr\u00e1ticas levadas a cabo por professores e alunos.<\/p>\n\n\n\n<p>A ESPRODOURO encerra assim o ano letivo 2020\/21, j\u00e1 com as baterias todas viradas para o pr\u00f3ximo ano letivo, novos desafios, atividades e a consolida\u00e7\u00e3o da notoriedade e internacionaliza\u00e7\u00e3o da escola e marca pelo mundo.<\/p>\n\n\n\n<p>As Inscri\u00e7\u00f5es continuam em aberto durante todo o m\u00eas de agosto. <\/p>","protected":false},"excerpt":{"rendered":"<p>A equipa de professores da ESPRODOURO levou a cabo o seu \u00faltimo Conselho Pedag\u00f3gico do ano letivo 2020-21 na Escola Profissional de Aveiro. Este encontro fora da regi\u00e3o do Douro resulta da parceria e excelentes rela\u00e7\u00f5es com a Escola Profissional de Aveiro, que se tem assumido como parceira estrat\u00e9gica e pedag\u00f3gica na melhoria cont\u00ednua da [&hellip;]<\/p>\n","protected":false},"author":61,"featured_media":8323,"comment_status":"open","ping_status":"open","sticky":false,"template":"","format":"standard","meta":{"slim_seo":{"title":"Conselho Pedag\u00f3gico na Escola Profissional de Aveiro - ESPRODOURO","description":"A equipa de professores da ESPRODOURO levou a cabo o seu \u00faltimo Conselho Pedag\u00f3gico do ano letivo 2020-21 na Escola Profissional de Aveiro. Este encontro fora d"},"footnotes":""},"categories":[1],"tags":[],"class_list":["post-8322","post","type-post","status-publish","format-standard","has-post-thumbnail","hentry","category-geral"],"blocksy_meta":{"styles_descriptor":{"styles":{"desktop":"","tablet":"","mobile":""},"google_fonts":[],"version":6}},"_links":{"self":[{"href":"https:\/\/esprodouro.com\/en\/wp-json\/wp\/v2\/posts\/8322","targetHints":{"allow":["GET"]}}],"collection":[{"href":"https:\/\/esprodouro.com\/en\/wp-json\/wp\/v2\/posts"}],"about":[{"href":"https:\/\/esprodouro.com\/en\/wp-json\/wp\/v2\/types\/post"}],"author":[{"embeddable":true,"href":"https:\/\/esprodouro.com\/en\/wp-json\/wp\/v2\/users\/61"}],"replies":[{"embeddable":true,"href":"https:\/\/esprodouro.com\/en\/wp-json\/wp\/v2\/comments?post=8322"}],"version-history":[{"count":0,"href":"https:\/\/esprodouro.com\/en\/wp-json\/wp\/v2\/posts\/8322\/revisions"}],"wp:featuredmedia":[{"embeddable":true,"href":"https:\/\/esprodouro.com\/en\/wp-json\/wp\/v2\/media\/8323"}],"wp:attachment":[{"href":"https:\/\/esprodouro.com\/en\/wp-json\/wp\/v2\/media?parent=8322"}],"wp:term":[{"taxonomy":"category","embeddable":true,"href":"https:\/\/esprodouro.com\/en\/wp-json\/wp\/v2\/categories?post=8322"},{"taxonomy":"post_tag","embeddable":true,"href":"https:\/\/esprodouro.com\/en\/wp-json\/wp\/v2\/tags?post=8322"}],"curies":[{"name":"wp","href":"https:\/\/api.w.org\/{rel}","templated":true}]}}