{"id":837,"date":"2019-08-29T16:23:26","date_gmt":"2019-08-29T16:23:26","guid":{"rendered":"https:\/\/esprodouro.com\/\/?p=837"},"modified":"2024-08-11T09:58:42","modified_gmt":"2024-08-11T09:58:42","slug":"fernando-rodrigues","status":"publish","type":"post","link":"https:\/\/esprodouro.com\/en\/fernando-rodrigues\/","title":{"rendered":"Fernando Rodrigues"},"content":{"rendered":"<div class=\"wp-block-image\">\r\n<figure class=\"alignright is-resized\"><img fetchpriority=\"high\" decoding=\"async\" class=\"alignnone wp-image-823 size-full\" src=\"https:\/\/esprodouro.com\/wp-content\/uploads\/2019\/08\/topbeleza8-e1567092814909.webp\" alt=\"FernandoRodrigues\" width=\"1055\" height=\"802\" srcset=\"https:\/\/esprodouro.com\/wp-content\/uploads\/2019\/08\/topbeleza8-e1567092814909.webp 1055w, https:\/\/esprodouro.com\/wp-content\/uploads\/2019\/08\/topbeleza8-e1567092814909-300x228.webp 300w, https:\/\/esprodouro.com\/wp-content\/uploads\/2019\/08\/topbeleza8-e1567092814909-1024x778.webp 1024w, https:\/\/esprodouro.com\/wp-content\/uploads\/2019\/08\/topbeleza8-e1567092814909-768x584.webp 768w, https:\/\/esprodouro.com\/wp-content\/uploads\/2019\/08\/topbeleza8-e1567092814909-16x12.webp 16w\" sizes=\"(max-width: 1055px) 100vw, 1055px\" \/>\r\n<figcaption>Fernando Rodrigues<\/figcaption>\r\n<\/figure>\r\n<\/div>\r\n\r\n\r\n\r\n<p>Fernando Rodrigues \u00e9 desde janeiro de 2018\u00a0<strong>Diretor Geral e Pedag\u00f3gico da ESPRODOURO<\/strong>.<\/p>\r\n\r\n\r\n\r\n<p>Foi tamb\u00e9m\u00a0<strong>Founder &amp; CEO da PsicoSoma<\/strong>\u00a0desde a sua g\u00e9nese em Setembro de 2004 e\u00a0\u00a0<strong>Founder &amp; CEO da ICN Agency<\/strong>\u00a0em 2014, coordenando v\u00e1rios projetos nacionais e internacionais.<\/p>\r\n\r\n\r\n\r\n<p>Licenciado em Psicologia Cl\u00ednica e Sa\u00fade, com reconhecimento pela Ordem dos Psic\u00f3logos Portugueses como\u00a0<strong>Especialista em Cl\u00ednica e Sa\u00fade\u00a0<\/strong>e\u00a0<strong>Especialidade Avan\u00e7ada em Neuropsicologia\u00a0<\/strong>com a c\u00e9dula N\u00ba 7807. Iniciou o Doutoramento em Neuropsicologia Cl\u00ednica onde obteve em 2009 o t\u00edtulo de Diploma de Estudios Avanzados pela Universidade de Salamanca \u2013 Espanha, ingressando mais tarde o Doutoramento em Neuroci\u00eancia na Universidad de Valencia \u2013 Espanha, que suspendeu em 2019 para se dedicar ao projeto ESPRODOURO em pleno. Defendeu em 2016, obtendo por unanimidade, o t\u00edtulo de\u00a0<strong>Especialista em Marketing e Publicidade\u00a0<\/strong>emitido pelo cons\u00f3rcio de Institutos Polit\u00e9cnicos de Leiria, Set\u00fabal e Lisboa.<\/p>\r\n\r\n\r\n\r\n<p><strong>Professor Adjunto Convidado<\/strong>\u00a0a tempo parcial (5h) no Instituto Polit\u00e9cnico da Guarda, com mais de 10 anos de experi\u00eancia em doc\u00eancia no ensino superior em v\u00e1rias institui\u00e7\u00f5es nacionais e internacionais\u00a0nas \u00e1reas de consumo e NeuroMarketing, NeuroEduca\u00e7\u00e3o, entre outros. Com mais de 6000h de experi\u00eancia pedag\u00f3gica com adultos, foi respons\u00e1vel pela cria\u00e7\u00e3o de v\u00e1rias t\u00e9cnicas pedag\u00f3gicas, como o Paralelo Pedag\u00f3gico e m\u00e9todos inovadores, como o AB@PINTA &#8211; Aprendizagem Baseada em Problemas, Inova\u00e7\u00e3o, Neuroci\u00eancia, Tecnologia e Autonomia, que foi iniciada a implementa\u00e7\u00e3o na ESPRODOURO.<\/p>\r\n\r\n\r\n\r\n<p>Autor dos livros \u201cPrinc\u00edpios de NeuroMarketing\u201d, \u201cInflu\u00eancia do NeuroMarketing nos Processos de Tomada de Decis\u00e3o\u201d, \u201cPorque \u00e9 que o Marketing \u00e9 Sexy e Inteligente\u201d, \u201cComportamento do Consumidor: Quando a Neuroci\u00eancia, a Psicologia, o Marketing e a Economia se encontram!\u201d, assim como uma colet\u00e2nea de livros de Forma\u00e7\u00e3o Pedag\u00f3gica Inicial de Formadores publicados na\u00a0editora PsicoSoma e autor e co-autor de v\u00e1rios artigos e cap\u00edtulos noutras editoras, nacionais e internacionais, como por exemplo, sendo respons\u00e1vel pela entrada \u201cNeuromarketing\u201d no livro Empreendip\u00e9dia publicado em 2019.<\/p>\r\n\r\n\r\n\r\n<p>Para saber mais sobre o curriculo do nosso Diretor Geral e Pedag\u00f3gico, clique <a href=\"https:\/\/neuropsicosoma.wordpress.com\/about\/curriculo\/\">AQUI<\/a><\/p>","protected":false},"excerpt":{"rendered":"<p>Fernando Rodrigues \u00e9 desde janeiro de 2018\u00a0Diretor Geral e Pedag\u00f3gico da ESPRODOURO. Foi tamb\u00e9m\u00a0Founder &amp; CEO da PsicoSoma\u00a0desde a sua g\u00e9nese em Setembro de 2004 e\u00a0\u00a0Founder &amp; CEO da ICN Agency\u00a0em 2014, coordenando v\u00e1rios projetos nacionais e internacionais. Licenciado em Psicologia Cl\u00ednica e Sa\u00fade, com reconhecimento pela Ordem dos Psic\u00f3logos Portugueses como\u00a0Especialista em Cl\u00ednica e [&hellip;]<\/p>\n","protected":false},"author":4,"featured_media":823,"comment_status":"open","ping_status":"open","sticky":false,"template":"","format":"standard","meta":{"slim_seo":{"title":"Fernando Rodrigues - ESPRODOURO","description":"Fernando Rodrigues \u00e9 desde janeiro de 2018\u00a0 Diretor Geral e Pedag\u00f3gico da ESPRODOURO . Foi tamb\u00e9m\u00a0 Founder &amp; CEO da PsicoSoma \u00a0desde a sua g\u00e9nese em Setembr"},"footnotes":""},"categories":[49],"tags":[],"class_list":["post-837","post","type-post","status-publish","format-standard","has-post-thumbnail","hentry","category-equipa"],"blocksy_meta":{"styles_descriptor":{"styles":{"desktop":"","tablet":"","mobile":""},"google_fonts":[],"version":6}},"_links":{"self":[{"href":"https:\/\/esprodouro.com\/en\/wp-json\/wp\/v2\/posts\/837","targetHints":{"allow":["GET"]}}],"collection":[{"href":"https:\/\/esprodouro.com\/en\/wp-json\/wp\/v2\/posts"}],"about":[{"href":"https:\/\/esprodouro.com\/en\/wp-json\/wp\/v2\/types\/post"}],"author":[{"embeddable":true,"href":"https:\/\/esprodouro.com\/en\/wp-json\/wp\/v2\/users\/4"}],"replies":[{"embeddable":true,"href":"https:\/\/esprodouro.com\/en\/wp-json\/wp\/v2\/comments?post=837"}],"version-history":[{"count":0,"href":"https:\/\/esprodouro.com\/en\/wp-json\/wp\/v2\/posts\/837\/revisions"}],"wp:featuredmedia":[{"embeddable":true,"href":"https:\/\/esprodouro.com\/en\/wp-json\/wp\/v2\/media\/823"}],"wp:attachment":[{"href":"https:\/\/esprodouro.com\/en\/wp-json\/wp\/v2\/media?parent=837"}],"wp:term":[{"taxonomy":"category","embeddable":true,"href":"https:\/\/esprodouro.com\/en\/wp-json\/wp\/v2\/categories?post=837"},{"taxonomy":"post_tag","embeddable":true,"href":"https:\/\/esprodouro.com\/en\/wp-json\/wp\/v2\/tags?post=837"}],"curies":[{"name":"wp","href":"https:\/\/api.w.org\/{rel}","templated":true}]}}